{"id":5366,"date":"2019-09-23T10:40:27","date_gmt":"2019-09-23T10:40:27","guid":{"rendered":"https:\/\/informaccion.com\/nuevaweb\/la-libertad-es-lider-en-produccion-nacional-de-arandano-palta-y-esparrago\/"},"modified":"2020-09-26T00:07:08","modified_gmt":"2020-09-26T00:07:08","slug":"minagri-padron-productores-agrarios","status":"publish","type":"post","link":"https:\/\/informaccion.com\/nuevaweb\/minagri-padron-productores-agrarios\/","title":{"rendered":"Minagri trabaja en un padr\u00f3n \u00fanico de productores agrarios de todo el pa\u00eds"},"content":{"rendered":"<p>[vc_row][vc_column][vc_column_text css=\u00bb.vc_custom_1492013742148{padding-top: 1px !important;padding-right: 40px !important;padding-bottom: 40px !important;padding-left: 40px !important;}\u00bb]<\/p>\n<p style=\"text-align: center;\"><strong><em>Padr\u00f3n busca conocer al productor, sus cultivos y productividad, entre otros valores que permitan buscar soluciones a sus necesidades. Registro se pondr\u00e1 a disposici\u00f3n de todas las autoridades competentes, a nivel de gobierno nacional, regional y local.<\/em><\/strong><\/p>\n<p style=\"text-align: justify;\">El Ministerio de Agricultura y Riego (Minagri) tiene previsto implementar a inicios del pr\u00f3ximo a\u00f1o un padr\u00f3n \u00fanico de productores agrarios a fin de tener un registro sobre los hombres y mujeres del campo, a nivel de producci\u00f3n, productividad, formalidad, entre otros valores que permitan abordar con mayor conocimiento la problem\u00e1tica agraria y plantear soluciones a sus distintas necesidades.<\/p>\n<p>As\u00ed lo anunci\u00f3 la ministra del sector, Fabiola Mu\u00f1oz, durante su participaci\u00f3n en la XII Conferencia Anual de Municipalidades del Per\u00fa (CAMUR), que este a\u00f1o propuso el foro \u00abAsociatividad Municipal para el Desarrollo Integral del Pa\u00eds\u201d.<\/p>\n<p>Mu\u00f1oz Dodero resalt\u00f3 que su gesti\u00f3n viene trabajando en la reglamentaci\u00f3n de la Ley que Fortalece la Planificaci\u00f3n de la Producci\u00f3n Agraria, aprobada en el Pleno Agrario en el mes de junio, y que permitir\u00e1 contar con una estad\u00edstica para conocer las necesidades de los productores a nivel nacional.<\/p>\n<p>\u00abC\u00f3mo le podemos brindar un servicio a alguien de quien no sabemos todas sus necesidades, si tiene t\u00edtulo, si est\u00e1n asociados o no, si proviene de una agricultura de subsistencia; por eso es que hoy d\u00eda, estamos preparando la reglamentaci\u00f3n de la ley aprobada en el Pleno Agrario, para tener un padr\u00f3n de registro \u00fanico\u00bb, sostuvo.<\/p>\n<p>Agreg\u00f3 que este registro oficial ser\u00e1 puesto a disposici\u00f3n de todas las autoridades competentes a nivel de gobierno nacional, regional y local. De esta manera se podr\u00e1 intervenir de manera m\u00e1s segmentada, en beneficio del productor.<\/p>\n<p>\u00abEste padr\u00f3n nos permitir\u00e1 llegar mejor a cada agricultor, porque no es igual la necesidad de un productor que siembra para subsistir, de otro que pertenece a una agricultura familiar consolidada o incluso de aquel que ya accede al mercado o exporta, por eso estamos absolutamente de acuerdo en contar con un padr\u00f3n \u00fanico que incluya tambi\u00e9n informaci\u00f3n de catastro\u00bb, a\u00f1adi\u00f3.<\/p>\n<p>Durante su intervenci\u00f3n como panelista sobre \u00abAsociatividad para el Desarrollo Rural\u00bb, la titular del Minagri, coincidi\u00f3 con el expositor, el alcalde provincial de Az\u00e1ngaro-Puno, Flavio Mamani, en la necesidad de trabajar articuladamente entre los tres niveles de gobierno, para promover la competitividad del productor.<\/p>\n<p>En ese sentido, los llam\u00f3 a fortalecer las mancomunidades municipales, para trabajar de forma conjunta con el Minagri, en la soluci\u00f3n a los problemas que presenta el agro.<\/p>\n<p>\u00abEs dif\u00edcil tener el tiempo para visitarlos a cada uno, son 1.303 municipios rurales, cuando vemos una Mancomunidad es m\u00e1s efectivo reunirnos, a ustedes mismos les va permitir articular el territorio\u00bb, propuso.<\/p>\n<p>Fuente: <a href=\"https:\/\/agraria.pe\/noticias\/minagri-trabaja-en-un-padron-unico-de-productores-agrarios-d-19875\">Agraria.pe<\/a> | 20-09-19<\/p>\n<div class=\"share_wrapper share_item\"><span class=\"st_facebook_vcount\" displayText=\"Facebook\"><\/span><span class=\"st_twitter_vcount\" displayText=\"Tweet\"><\/span><span class=\"st_pinterest_vcount\" displayText=\"Pinterest\"><\/span><script src=\"https:\/\/ws.sharethis.com\/button\/buttons.js\"><\/script><script>stLight.options({publisher: \"1390eb48-c3c3-409a-903a-ca202d50de91\", doNotHash: false, doNotCopy: false, hashAddressBar: false});<\/script><\/div>\n<p style=\"text-align: justify;\">[\/vc_column_text][\/vc_column][\/vc_row]<\/p>\n<p><\/script><\/p>\n","protected":false},"excerpt":{"rendered":"<p>El Fen\u00f3meno del Ni\u00f1o Costero que enfrent\u00f3 Per\u00fa a inicios del 2017 dej\u00f3 interrogantes sobre los retos que debe asumir el pa\u00eds y las medidas a tomar como ciudadanos para no repetir estos tr\u00e1gicos episodios.<\/p>\n","protected":false},"author":6,"featured_media":5372,"comment_status":"open","ping_status":"open","sticky":false,"template":"","format":"image","meta":{"footnotes":""},"categories":[1],"tags":[168,295,299,56],"_links":{"self":[{"href":"https:\/\/informaccion.com\/nuevaweb\/wp-json\/wp\/v2\/posts\/5366"}],"collection":[{"href":"https:\/\/informaccion.com\/nuevaweb\/wp-json\/wp\/v2\/posts"}],"about":[{"href":"https:\/\/informaccion.com\/nuevaweb\/wp-json\/wp\/v2\/types\/post"}],"author":[{"embeddable":true,"href":"https:\/\/informaccion.com\/nuevaweb\/wp-json\/wp\/v2\/users\/6"}],"replies":[{"embeddable":true,"href":"https:\/\/informaccion.com\/nuevaweb\/wp-json\/wp\/v2\/comments?post=5366"}],"version-history":[{"count":3,"href":"https:\/\/informaccion.com\/nuevaweb\/wp-json\/wp\/v2\/posts\/5366\/revisions"}],"predecessor-version":[{"id":5369,"href":"https:\/\/informaccion.com\/nuevaweb\/wp-json\/wp\/v2\/posts\/5366\/revisions\/5369"}],"wp:featuredmedia":[{"embeddable":true,"href":"https:\/\/informaccion.com\/nuevaweb\/wp-json\/wp\/v2\/media\/5372"}],"wp:attachment":[{"href":"https:\/\/informaccion.com\/nuevaweb\/wp-json\/wp\/v2\/media?parent=5366"}],"wp:term":[{"taxonomy":"category","embeddable":true,"href":"https:\/\/informaccion.com\/nuevaweb\/wp-json\/wp\/v2\/categories?post=5366"},{"taxonomy":"post_tag","embeddable":true,"href":"https:\/\/informaccion.com\/nuevaweb\/wp-json\/wp\/v2\/tags?post=5366"}],"curies":[{"name":"wp","href":"https:\/\/api.w.org\/{rel}","templated":true}]}}