{"id":5326,"date":"2019-08-12T10:40:27","date_gmt":"2019-08-12T10:40:27","guid":{"rendered":"https:\/\/informaccion.com\/nuevaweb\/siuva-norte-2019-analizara-los-grandes-desafios-viticolas-en-piura\/"},"modified":"2019-08-12T22:26:53","modified_gmt":"2019-08-12T22:26:53","slug":"siagro-sur-2019-ica","status":"publish","type":"post","link":"https:\/\/informaccion.com\/nuevaweb\/siagro-sur-2019-ica\/","title":{"rendered":"SIAGRO SUR 2019 llega a Ica con grandes especialistas del agro"},"content":{"rendered":"<p>[vc_row][vc_column][vc_column_text css=\u00bb.vc_custom_1492013742148{padding-top: 1px !important;padding-right: 40px !important;padding-bottom: 40px !important;padding-left: 40px !important;}\u00bb]<\/p>\n<p style=\"text-align: center;\"><strong><em>El III Simposio Internacional del Agro \u2013 SIAGRO SUR se enfocar\u00e1 en los pr\u00f3ximos retos de la agroexportaci\u00f3n peruana.<\/em><\/strong><\/p>\n<p style=\"text-align: justify;\">El <strong>III Simposio Internacional del Agro<\/strong> \u2013 SIAGRO SUR, organizado por <a href=\"http:\/\/www.informaccion.com\">inform@cci\u00f3n<\/a>, analizar\u00e1 los retos a futuro en la agroexportaci\u00f3n peruana a trav\u00e9s de diversas ponencias con reconocidos especialistas. Este importante encuentro empresarial para el sector agr\u00edcola se desarrollar\u00e1 <strong>del 20 al 22 de agosto<\/strong> en Hotel Las Dunas de <strong>Ica<\/strong>.<\/p>\n<p>El 20 de agosto, el SIAGRO SUR tendr\u00e1 como invitada a la <strong>Dra. Fabiola Mu\u00f1oz<\/strong>, actual ministra de Agricultura y Riego, quien brindar\u00e1 una conferencia magistral sobre <strong>Pol\u00edtica Agraria<\/strong> en el auditorio. Para complementar, el Ing. Walter Obando Licera, jefe de la Autoridad Nacional del Agua (<strong>ANA<\/strong>), y el Ing. Pedro Molina Salcedo, jefe del Servicio Nacional de Sanidad Agraria (<strong>SENASA<\/strong>), compartir\u00e1n los m\u00e1s recientes avances de sus respectivas organizaciones.<\/p>\n<p>Una novedad en el formato de este a\u00f1o son las <strong>mesas redondas<\/strong> con l\u00edderes de las principales empresas agr\u00edcolas: Comercial Agrokasa, Agr\u00edcola Don Ricardo, Agr\u00edcola SAFCO Per\u00fa, AGROPARACAS, Complejo Agroindustrial Beta, PROAGRO y Agr\u00edcola Chapi. El di\u00e1logo girar\u00e1 en torno al \u201c<strong>Negocio de la Uva de mesa en<\/strong> <strong>Ica<\/strong>\u201d (21 de agosto), \u201c<strong>Situaci\u00f3n y perspectivas de la palta en el Per\u00fa<\/strong>\u201d (22 de agosto) y \u201c<strong>Negocio del esp\u00e1rrago en Ica<\/strong>\u201d (22 de agosto)<\/p>\n<p>Parte del programa en el primer y segundo d\u00eda se enfocar\u00e1 en el cultivo por excelencia de la regi\u00f3n: la <strong>uva de<\/strong> <strong>mesa<\/strong>. Dentro de este bloque se tratar\u00e1n los nuevos horizontes en poscosecha, productividad de la uva y situaci\u00f3n actual y perspectivas del cultivo. Algunos de los ponentes confirmados son la Mg. Sc. M\u00f3nica Narrea, especialista en entomolog\u00eda de la UNALM, el Ing. Karl Mendoza Solari, investigador, y el MSc. Carlos Sierra Bernal de Chile.<\/p>\n<p>En el segundo d\u00eda tambi\u00e9n destaca la ponencia \u201cLa contaminaci\u00f3n por droga en contenedores: riesgo importante en la cadena de supply\u201d por el comandante (ex Marina) Ra\u00fal Arias y otras charlas relacionadas al acu\u00edfero ique\u00f1o y la siembra y cosecha de <strong>agua<\/strong>.<\/p>\n<p>Para el tercer d\u00eda, la <strong>innovaci\u00f3n y tecnolog\u00eda<\/strong> se consolidan en un nuevo bloque donde el Ing. Rene Alal\u00fa, especialista internacional, brindar\u00e1 la charla \u201cLa tecnolog\u00eda del futuro hoy: Israel como modelo\u201d y los participantes podr\u00e1n disfrutar una demostraci\u00f3n de proyectos de innovaci\u00f3n en el agro.<\/p>\n<p>El SIAGRO SUR cerrar\u00e1 esta edici\u00f3n con una prometedora mesa de di\u00e1logo titulada \u201c<strong>Presente y futuro de la<\/strong> <strong>agricultura exportadora del Per\u00fa\u201d <\/strong>a cargo del Ing. Estuardo Mas\u00edas, el Ing. Ismael Benavides y el Ing. Ricardo Brice\u00f1o, voces representativas del rubro que analizar\u00e1n qu\u00e9 le espera a la agroexportaci\u00f3n peruana y c\u00f3mo enfrentar estos nuevos desaf\u00edos.<\/p>\n<p>Adem\u00e1s, la exhibici\u00f3n t\u00e9cnica de ingreso libre <strong>\u201cAgroShow\u201d<\/strong> se desarrollar\u00e1 en paralelo a las ponencias dentro del SIAGRO para todo el p\u00fablico interesado en la agroexportaci\u00f3n. Este espacio propiciar\u00e1 el contacto directo entre profesionales del agro y los proveedores l\u00edderes de la agroindustria.<\/p>\n<p>Inscripciones en\u00a0<a href=\"http:\/\/www.siuva.pe\">www.siagro.pe<\/a><\/p>\n<p>M\u00e1s informaci\u00f3n: (+51) 960 588 960<\/p>\n<p><img loading=\"lazy\" decoding=\"async\" class=\"aligncenter wp-image-5331 size-large\" src=\"https:\/\/informaccion.com\/nuevaweb\/wp-content\/uploads\/2019\/05\/siagro3-1-1024x347.jpg\" alt=\"participantes en auditorio del siagro sur ica\" width=\"1024\" height=\"347\" srcset=\"https:\/\/informaccion.com\/nuevaweb\/wp-content\/uploads\/2019\/05\/siagro3-1-1024x347.jpg 1024w, https:\/\/informaccion.com\/nuevaweb\/wp-content\/uploads\/2019\/05\/siagro3-1-300x102.jpg 300w, https:\/\/informaccion.com\/nuevaweb\/wp-content\/uploads\/2019\/05\/siagro3-1-768x260.jpg 768w, https:\/\/informaccion.com\/nuevaweb\/wp-content\/uploads\/2019\/05\/siagro3-1-260x88.jpg 260w, https:\/\/informaccion.com\/nuevaweb\/wp-content\/uploads\/2019\/05\/siagro3-1-50x17.jpg 50w, https:\/\/informaccion.com\/nuevaweb\/wp-content\/uploads\/2019\/05\/siagro3-1-150x51.jpg 150w\" sizes=\"(max-width: 1024px) 100vw, 1024px\" \/><\/p>\n<div class=\"share_wrapper share_item\"><span class=\"st_facebook_vcount\" displayText=\"Facebook\"><\/span><span class=\"st_twitter_vcount\" displayText=\"Tweet\"><\/span><span class=\"st_pinterest_vcount\" displayText=\"Pinterest\"><\/span><script src=\"https:\/\/ws.sharethis.com\/button\/buttons.js\"><\/script><script>stLight.options({publisher: \"1390eb48-c3c3-409a-903a-ca202d50de91\", doNotHash: false, doNotCopy: false, hashAddressBar: false});<\/script><\/div>\n<p style=\"text-align: justify;\">[\/vc_column_text][\/vc_column][\/vc_row]<\/p>\n<p><\/script><\/p>\n","protected":false},"excerpt":{"rendered":"<p>El Fen\u00f3meno del Ni\u00f1o Costero que enfrent\u00f3 Per\u00fa a inicios del 2017 dej\u00f3 interrogantes sobre los retos que debe asumir el pa\u00eds y las medidas a tomar como ciudadanos para no repetir estos tr\u00e1gicos episodios.<\/p>\n","protected":false},"author":6,"featured_media":5332,"comment_status":"open","ping_status":"open","sticky":false,"template":"","format":"standard","meta":{"footnotes":""},"categories":[127,1,23],"tags":[284,292,293,69,291,264],"_links":{"self":[{"href":"https:\/\/informaccion.com\/nuevaweb\/wp-json\/wp\/v2\/posts\/5326"}],"collection":[{"href":"https:\/\/informaccion.com\/nuevaweb\/wp-json\/wp\/v2\/posts"}],"about":[{"href":"https:\/\/informaccion.com\/nuevaweb\/wp-json\/wp\/v2\/types\/post"}],"author":[{"embeddable":true,"href":"https:\/\/informaccion.com\/nuevaweb\/wp-json\/wp\/v2\/users\/6"}],"replies":[{"embeddable":true,"href":"https:\/\/informaccion.com\/nuevaweb\/wp-json\/wp\/v2\/comments?post=5326"}],"version-history":[{"count":5,"href":"https:\/\/informaccion.com\/nuevaweb\/wp-json\/wp\/v2\/posts\/5326\/revisions"}],"predecessor-version":[{"id":5328,"href":"https:\/\/informaccion.com\/nuevaweb\/wp-json\/wp\/v2\/posts\/5326\/revisions\/5328"}],"wp:featuredmedia":[{"embeddable":true,"href":"https:\/\/informaccion.com\/nuevaweb\/wp-json\/wp\/v2\/media\/5332"}],"wp:attachment":[{"href":"https:\/\/informaccion.com\/nuevaweb\/wp-json\/wp\/v2\/media?parent=5326"}],"wp:term":[{"taxonomy":"category","embeddable":true,"href":"https:\/\/informaccion.com\/nuevaweb\/wp-json\/wp\/v2\/categories?post=5326"},{"taxonomy":"post_tag","embeddable":true,"href":"https:\/\/informaccion.com\/nuevaweb\/wp-json\/wp\/v2\/tags?post=5326"}],"curies":[{"name":"wp","href":"https:\/\/api.w.org\/{rel}","templated":true}]}}