{"id":5193,"date":"2019-04-29T10:40:27","date_gmt":"2019-04-29T10:40:27","guid":{"rendered":"https:\/\/informaccion.com\/nuevaweb\/uva-fresca-lidera-las-agroexportaciones-en-primer-bimestre-del-2019\/"},"modified":"2019-05-27T22:56:21","modified_gmt":"2019-05-27T22:56:21","slug":"arandanos-palta-exporta-lambayeque","status":"publish","type":"post","link":"https:\/\/informaccion.com\/nuevaweb\/arandanos-palta-exporta-lambayeque\/","title":{"rendered":"Ar\u00e1ndano, palta y uva encabezan nueva oferta exportadora de Lambayeque"},"content":{"rendered":"<p>[vc_row][vc_column][vc_column_text css=\u00bb.vc_custom_1492013742148{padding-top: 1px !important;padding-right: 40px !important;padding-bottom: 40px !important;padding-left: 40px !important;}\u00bb]<\/p>\n<p style=\"text-align: center;\"><em><strong>Tambi\u00e9n maracuy\u00e1, mango y pimiento<\/strong><\/em><\/p>\n<p style=\"text-align: justify;\">En los \u00faltimos ocho a\u00f1os cambi\u00f3 la canasta exportadora de Lambayeque y ahora su oferta la encabezan productos como <a href=\"https:\/\/informaccion.com\/nuevaweb\/peru-exportador-arandanos-2021\/\">ar\u00e1ndanos<\/a>, uvas, paltas, jugo de maracuy\u00e1, mangos y pimiento morr\u00f3n en conserva, entre otros.<br \/>\nAs\u00ed lo inform\u00f3 el presidente de la Asociaci\u00f3n de Exportadores (ADEX), Alfonso Vel\u00e1squez Tuesta, quien resalt\u00f3 el crecimiento exportador que experiment\u00f3 Lambayeque en el periodo 2017-2018 al obtener ingresos por m\u00e1s 400 millones de d\u00f3lares en productos no tradicionales.<\/p>\n<p>\u201cEso significa un empuje ostensible de los env\u00edos de paltas, ar\u00e1ndanos y uva, es realmente sorprendente, pero es fruto de la inversi\u00f3n y la gran decisi\u00f3n de los empresarios en apostar por esta regi\u00f3n\u201d, asever\u00f3.<\/p>\n<p>El dirigente empresarial sostuvo que productos como el tradicional maracuy\u00e1 se mantiene como uno de los principales productos de exportaci\u00f3n de Lambayeque que ascendieron a 23 millones de d\u00f3lares en 2017 y 2018.<\/p>\n<p>\u201cLas paltas han pasado de 28 millones a 60 millones de d\u00f3lares, los ar\u00e1ndanos de 11 millones a 58 millones de d\u00f3lares, las uvas de 37 millones a 51 millones de d\u00f3lares; pero el gran boom est\u00e1 en la exportaci\u00f3n de paltas y ar\u00e1ndanos\u201d, afirm\u00f3 Vel\u00e1squez en di\u00e1logo con la Agencia Andina.<\/p>\n<p>El presidente de Adex observ\u00f3 que se prev\u00e9 que los limones que se cultivan en los f\u00e9rtiles valles de Olmos y Motupe tendr\u00e1n un crecimiento importante. \u201cCada vez se est\u00e1 exportando m\u00e1s lim\u00f3n de la variedad Tahit\u00ed (\u2026) pero el sutil tambi\u00e9n se env\u00eda. Chile se est\u00e1 llevando mucho lim\u00f3n. La exportaci\u00f3n de granada tambi\u00e9n est\u00e1 creciendo y los c\u00edtricos est\u00e1n recuperando posici\u00f3n\u201d, indic\u00f3.<\/p>\n<p>Al mismo tiempo, Alfonso Vel\u00e1squez destac\u00f3 que en el primer bimestre de este a\u00f1o las exportaciones lambayecanas crecieron un 37 por ciento con respecto a igual periodo del a\u00f1o 2018, las que sumaron 82 millones 283,000 d\u00f3lares.<\/p>\n<p>\u201cLos despachos tradicionales alcanzaron los 13 millones 700,000 d\u00f3lares con un crecimiento del 112.3 por ciento, mientras que los No Tradicionales llegaron a los 68 millones 512,000 d\u00f3lares, presentando un alza de 28.3 por ciento\u201d, detall\u00f3.<\/p>\n<p>Los principales mercados de destino son: Estados Unidos y Pa\u00edses Bajos, cuyos env\u00edos suman m\u00e1s de 44 millones de d\u00f3lares; le sigue Ecuador, Alemania y Reino Unido.<\/p>\n<p>El flamante presidente de Adex advirti\u00f3 que existen oportunidades que a\u00fan no se est\u00e1n aprovechando, pues hay mercados como el Canad\u00e1 para las paltas, Inglaterra para los ar\u00e1ndanos, las uvas para el Ecuador o a Chile. \u201cTodav\u00eda los pa\u00edses vecinos constituyen un gran desaf\u00edo para los agroexportadores lambayecanos\u201d, subray\u00f3.<\/p>\n<p>Precis\u00f3 que la agricultura de precisi\u00f3n se est\u00e1 consolidando en Lambayeque, logrando una alta productividad y crecimiento importante de las exportaciones.<\/p>\n<p>Record\u00f3 que el a\u00f1o pasado Lambayeque cerr\u00f3 con la exportaci\u00f3n de 525 millones de d\u00f3lares que represent\u00f3 un 25.2 por ciento m\u00e1s que en el 2017.<\/p>\n<p>Fuente: <a href=\"https:\/\/andina.pe\/agencia\/noticia-arandano-palta-y-uva-encabezan-nueva-oferta-exportadora-lambayeque-749449.aspx\">Andina<\/a>| 24-04-19<\/p>\n<p><center><iframe loading=\"lazy\" src=\"https:\/\/docs.google.com\/forms\/d\/e\/1FAIpQLScdy4Wj9bKvj8Tg-M7mRDLf3M_7pc3mLztAoNODXdc9o9-oqQ\/viewform?embedded=true\" width=\"640\" height=\"823\" frameborder=\"0\" marginwidth=\"0\" marginheight=\"0\">Cargando&#8230;<\/iframe><\/center><a href=\"http:\/\/bit.ly\/2Jv8H4D\"> <img loading=\"lazy\" decoding=\"async\" class=\"alignleft wp-image-5248 size-large\" src=\"https:\/\/informaccion.com\/nuevaweb\/wp-content\/uploads\/2019\/05\/Banner-web-i@-01-1024x256.jpg\" alt=\"siuva norte 2019 inscripciones abiertas\" width=\"1024\" height=\"256\" srcset=\"https:\/\/informaccion.com\/nuevaweb\/wp-content\/uploads\/2019\/05\/Banner-web-i@-01-1024x256.jpg 1024w, https:\/\/informaccion.com\/nuevaweb\/wp-content\/uploads\/2019\/05\/Banner-web-i@-01-300x75.jpg 300w, https:\/\/informaccion.com\/nuevaweb\/wp-content\/uploads\/2019\/05\/Banner-web-i@-01-768x192.jpg 768w, https:\/\/informaccion.com\/nuevaweb\/wp-content\/uploads\/2019\/05\/Banner-web-i@-01-260x65.jpg 260w, https:\/\/informaccion.com\/nuevaweb\/wp-content\/uploads\/2019\/05\/Banner-web-i@-01-50x13.jpg 50w, https:\/\/informaccion.com\/nuevaweb\/wp-content\/uploads\/2019\/05\/Banner-web-i@-01-150x38.jpg 150w\" sizes=\"(max-width: 1024px) 100vw, 1024px\" \/> <\/a><\/p>\n<div class=\"share_wrapper share_item\"><span class=\"st_facebook_vcount\" displayText=\"Facebook\"><\/span><span class=\"st_twitter_vcount\" displayText=\"Tweet\"><\/span><span class=\"st_pinterest_vcount\" displayText=\"Pinterest\"><\/span><script src=\"https:\/\/ws.sharethis.com\/button\/buttons.js\"><\/script><script>stLight.options({publisher: \"1390eb48-c3c3-409a-903a-ca202d50de91\", doNotHash: false, doNotCopy: false, hashAddressBar: false});<\/script><\/div>\n<p style=\"text-align: justify;\">[\/vc_column_text][\/vc_column][\/vc_row]<\/p>\n<p><\/script><\/p>\n","protected":false},"excerpt":{"rendered":"<p>El Fen\u00f3meno del Ni\u00f1o Costero que enfrent\u00f3 Per\u00fa a inicios del 2017 dej\u00f3 interrogantes sobre los retos que debe asumir el pa\u00eds y las medidas a tomar como ciudadanos para no repetir estos tr\u00e1gicos episodios.<\/p>\n","protected":false},"author":6,"featured_media":5199,"comment_status":"open","ping_status":"open","sticky":false,"template":"","format":"standard","meta":{"footnotes":""},"categories":[127,1,23],"tags":[272,117,273,70,55,223],"_links":{"self":[{"href":"https:\/\/informaccion.com\/nuevaweb\/wp-json\/wp\/v2\/posts\/5193"}],"collection":[{"href":"https:\/\/informaccion.com\/nuevaweb\/wp-json\/wp\/v2\/posts"}],"about":[{"href":"https:\/\/informaccion.com\/nuevaweb\/wp-json\/wp\/v2\/types\/post"}],"author":[{"embeddable":true,"href":"https:\/\/informaccion.com\/nuevaweb\/wp-json\/wp\/v2\/users\/6"}],"replies":[{"embeddable":true,"href":"https:\/\/informaccion.com\/nuevaweb\/wp-json\/wp\/v2\/comments?post=5193"}],"version-history":[{"count":4,"href":"https:\/\/informaccion.com\/nuevaweb\/wp-json\/wp\/v2\/posts\/5193\/revisions"}],"predecessor-version":[{"id":5268,"href":"https:\/\/informaccion.com\/nuevaweb\/wp-json\/wp\/v2\/posts\/5193\/revisions\/5268"}],"wp:featuredmedia":[{"embeddable":true,"href":"https:\/\/informaccion.com\/nuevaweb\/wp-json\/wp\/v2\/media\/5199"}],"wp:attachment":[{"href":"https:\/\/informaccion.com\/nuevaweb\/wp-json\/wp\/v2\/media?parent=5193"}],"wp:term":[{"taxonomy":"category","embeddable":true,"href":"https:\/\/informaccion.com\/nuevaweb\/wp-json\/wp\/v2\/categories?post=5193"},{"taxonomy":"post_tag","embeddable":true,"href":"https:\/\/informaccion.com\/nuevaweb\/wp-json\/wp\/v2\/tags?post=5193"}],"curies":[{"name":"wp","href":"https:\/\/api.w.org\/{rel}","templated":true}]}}