{"id":4878,"date":"2018-09-27T10:40:27","date_gmt":"2018-09-27T10:40:27","guid":{"rendered":"https:\/\/informaccion.com\/nuevaweb\/japon-abre-sus-puertas-a-la-mandarina-peruana\/"},"modified":"2018-09-27T21:05:56","modified_gmt":"2018-09-27T21:05:56","slug":"frambuesa-peruana-mercado","status":"publish","type":"post","link":"https:\/\/informaccion.com\/nuevaweb\/frambuesa-peruana-mercado\/","title":{"rendered":"ADEX: Frambuesa peruana tiene potencial en el mercado interno y externo"},"content":{"rendered":"<p>[vc_row][vc_column][vc_column_text css=\u00bb.vc_custom_1492013742148{padding-top: 1px !important;padding-right: 40px !important;padding-bottom: 40px !important;padding-left: 40px !important;}\u00bb]<\/p>\n<p style=\"text-align: center;\"><em><strong>Actualmente, Senasa est\u00e1 coordinando con la autoridad sanitaria de EE. UU. para permitir el ingreso de la frambuesa al mercado estadounidense<\/strong><\/em><\/p>\n<p style=\"text-align: justify;\">La creciente demanda de frambuesas a nivel mundial representa una oportunidad para el Per\u00fa. El ex-presidente de la Asociaci\u00f3n de Exportadores (ADEX), Alfonso Vel\u00e1squez, refiri\u00f3 que entre fines de agosto y principios de septiembre existe una gran oportunidad para los <a href=\"https:\/\/informaccion.com\/nuevaweb\/arandanos-peru-exportacion-eeuu\/\">berries<\/a> peruanos.<br \/>\nEn este sentido, destac\u00f3 a la frambuesa, ya que finaliza la cosecha de esta fruta en EE. UU.\u00a0 Adem\u00e1s, en Chile, que es el gran productor de Sudam\u00e9rica, a\u00fan no inicia la temporada.<\/p>\n<p>\u201cUn punto a tomar en cuenta es que la producci\u00f3n mundial de frambuesas al cierre del 2018 rondar\u00eda las 540 mil toneladas, 10% menos a la producci\u00f3n del a\u00f1o pasado\u201d, sostuvo.<\/p>\n<p>Por otro lado, se\u00f1al\u00f3 que actualmente <a href=\"https:\/\/informaccion.com\/nuevaweb\/senasa-uva-ica-exportacion\/\">Senasa<\/a> est\u00e1 coordinando con la autoridad sanitaria de EE. UU. para permitir el ingreso de la frambuesa al mercado estadounidense, pero que en primera instancia los mercados potenciales son Chile, Brasil, Colombia, entre otros.<\/p>\n<p>Asimismo, para Vel\u00e1squez, el mercado chino tambi\u00e9n se debe conquistar. \u201cChina siembra frambuesa, lo cual motiva su consumo interno durante todo el a\u00f1o, como sucede con el ar\u00e1ndano que ingres\u00f3 a ese mercado en febrero del 2017\u201d, explic\u00f3.<\/p>\n<p>\u201cLa frambuesa es una gran fuente de prote\u00ednas, calcio, vitamina C, entre otros. Adem\u00e1s, hay estudios que demuestran que ayuda a prevenir el c\u00e1ncer de mama, de pr\u00f3stata y colorrectal\u201d, a\u00f1adi\u00f3.<\/p>\n<p>Por otro lado, el directivo resalt\u00f3 que las primeras siembras realizadas en nuestro pa\u00eds indican un potencial productivo de hasta 5,000 kilos por hect\u00e1rea en el primer a\u00f1o de cosecha, lo que indica que se puede entrar al mercado tanto con el fruto convencional como con el org\u00e1nico.<\/p>\n<p>Chile tiene cerca de 9,000 hect\u00e1reas de frambuesa, sin embargo, \u00faltimamente se est\u00e1 reduciendo por un tema de calidad de plantas, lo que tambi\u00e9n es una oportunidad para posicionar nuestro berrie en el mercado internacional, ya sea frescos o procesados.<\/p>\n<p>Vel\u00e1squez record\u00f3 que en la <a href=\"http:\/\/www.expoalimentariaperu.com\/\">X Expoalimentaria<\/a> se realizar\u00e1 la charla \u201cCrecimiento frut\u00edcola del Per\u00fa, un nuevo y promisorio rubro: Frambuesas\u201d, que contar\u00e1 con las ponencias de expertos internacionales en la producci\u00f3n de este berrie.<\/p>\n<p>\u201cLos pa\u00edses productores alrededor del mundo participan con medianos y peque\u00f1os agricultores, lo que deber\u00edamos imitar a trav\u00e9s de la asociatividad que permitir\u00e1 la participaci\u00f3n del peque\u00f1o agricultor nacional. Podemos diversificar exitosamente el agro mediante un cultivo rentable, que necesita por supuesto un adecuado manejo t\u00e9cnico, siendo una excelente oportunidad de promoci\u00f3n p\u00fablico-privada\u201d, concluy\u00f3.<\/p>\n<p>Fuente: <a href=\"https:\/\/gestion.pe\/peru\/frambuesa-peruana-potencial-mercado-interno-externo-245432\">Gestion.pe<\/a> \/ 27-09-18<\/p>\n<p><a href=\"http:\/\/bit.ly\/2nTwZZn\"><img loading=\"lazy\" decoding=\"async\" class=\"aligncenter size-large wp-image-4804\" src=\"https:\/\/informaccion.com\/nuevaweb\/wp-content\/uploads\/2018\/08\/Banner-Web-1024x256.jpg\" alt=\"libro digital para agroexportadores\" width=\"1024\" height=\"256\" srcset=\"https:\/\/informaccion.com\/nuevaweb\/wp-content\/uploads\/2018\/08\/Banner-Web-1024x256.jpg 1024w, https:\/\/informaccion.com\/nuevaweb\/wp-content\/uploads\/2018\/08\/Banner-Web-300x75.jpg 300w, https:\/\/informaccion.com\/nuevaweb\/wp-content\/uploads\/2018\/08\/Banner-Web-768x192.jpg 768w, https:\/\/informaccion.com\/nuevaweb\/wp-content\/uploads\/2018\/08\/Banner-Web-260x65.jpg 260w, https:\/\/informaccion.com\/nuevaweb\/wp-content\/uploads\/2018\/08\/Banner-Web-50x13.jpg 50w, https:\/\/informaccion.com\/nuevaweb\/wp-content\/uploads\/2018\/08\/Banner-Web-150x38.jpg 150w\" sizes=\"(max-width: 1024px) 100vw, 1024px\" \/><\/a><\/p>\n<div class=\"share_wrapper share_item\"><span class=\"st_facebook_vcount\" displayText=\"Facebook\"><\/span><span class=\"st_twitter_vcount\" displayText=\"Tweet\"><\/span><span class=\"st_pinterest_vcount\" displayText=\"Pinterest\"><\/span><script src=\"https:\/\/ws.sharethis.com\/button\/buttons.js\"><\/script><script>stLight.options({publisher: \"1390eb48-c3c3-409a-903a-ca202d50de91\", doNotHash: false, doNotCopy: false, hashAddressBar: false});<\/script><\/div>\n<p style=\"text-align: justify;\">[\/vc_column_text][\/vc_column][\/vc_row]<\/p>\n<p><\/script><\/p>\n","protected":false},"excerpt":{"rendered":"<p>El Fen\u00f3meno del Ni\u00f1o Costero que enfrent\u00f3 Per\u00fa a inicios del 2017 dej\u00f3 interrogantes sobre los retos que debe asumir el pa\u00eds y las medidas a tomar como ciudadanos para no repetir estos tr\u00e1gicos episodios.<\/p>\n","protected":false},"author":6,"featured_media":4881,"comment_status":"open","ping_status":"open","sticky":false,"template":"","format":"standard","meta":{"footnotes":""},"categories":[1,50,23],"tags":[89,115,206,205,204,164],"_links":{"self":[{"href":"https:\/\/informaccion.com\/nuevaweb\/wp-json\/wp\/v2\/posts\/4878"}],"collection":[{"href":"https:\/\/informaccion.com\/nuevaweb\/wp-json\/wp\/v2\/posts"}],"about":[{"href":"https:\/\/informaccion.com\/nuevaweb\/wp-json\/wp\/v2\/types\/post"}],"author":[{"embeddable":true,"href":"https:\/\/informaccion.com\/nuevaweb\/wp-json\/wp\/v2\/users\/6"}],"replies":[{"embeddable":true,"href":"https:\/\/informaccion.com\/nuevaweb\/wp-json\/wp\/v2\/comments?post=4878"}],"version-history":[{"count":3,"href":"https:\/\/informaccion.com\/nuevaweb\/wp-json\/wp\/v2\/posts\/4878\/revisions"}],"predecessor-version":[{"id":4882,"href":"https:\/\/informaccion.com\/nuevaweb\/wp-json\/wp\/v2\/posts\/4878\/revisions\/4882"}],"wp:featuredmedia":[{"embeddable":true,"href":"https:\/\/informaccion.com\/nuevaweb\/wp-json\/wp\/v2\/media\/4881"}],"wp:attachment":[{"href":"https:\/\/informaccion.com\/nuevaweb\/wp-json\/wp\/v2\/media?parent=4878"}],"wp:term":[{"taxonomy":"category","embeddable":true,"href":"https:\/\/informaccion.com\/nuevaweb\/wp-json\/wp\/v2\/categories?post=4878"},{"taxonomy":"post_tag","embeddable":true,"href":"https:\/\/informaccion.com\/nuevaweb\/wp-json\/wp\/v2\/tags?post=4878"}],"curies":[{"name":"wp","href":"https:\/\/api.w.org\/{rel}","templated":true}]}}