{"id":4831,"date":"2018-09-07T10:30:27","date_gmt":"2018-09-07T10:30:27","guid":{"rendered":"https:\/\/informaccion.com\/nuevaweb\/peru-se-posiciono-como-el-sexto-exportador-mundial-de-uva-de-mesa-el-2017\/"},"modified":"2018-09-07T17:33:26","modified_gmt":"2018-09-07T17:33:26","slug":"mango-record-peru-exportaciones","status":"publish","type":"post","link":"https:\/\/informaccion.com\/nuevaweb\/mango-record-peru-exportaciones\/","title":{"rendered":"Mincetur: Exportaciones de mango marcaron r\u00e9cord hist\u00f3rico"},"content":{"rendered":"<p>[vc_row][vc_column][vc_column_text css=\u00bb.vc_custom_1492013742148{padding-top: 1px !important;padding-right: 40px !important;padding-bottom: 40px !important;padding-left: 40px !important;}\u00bb]<\/p>\n<p style=\"text-align: center;\"><strong><em>Otros frutos que registraron un importante desenvolvimiento en el citado per\u00edodo fueron las uvas, ar\u00e1ndanos, paltas, casta\u00f1as y bananas.<\/em><\/strong><\/p>\n<p style=\"text-align: justify;\">Las exportaciones peruanas de mango sumaron US$ 284 millones (+35,5%) entre enero y julio del 2018, marcando un r\u00e9cord hist\u00f3rico sobre cualquier valor exportado en a\u00f1os previos, seg\u00fan indic\u00f3 Rogers Valencia, ministro de Comercio Exterior y Turismo (Mincetur).<\/p>\n<p>\u201cEl \u00faltimo r\u00e9cord de exportaci\u00f3n de mango fue de US$ 277 millones en el 2016. Y, ahora, a julio del 2018, se ha logrado superar notablemente la cifra anterior. Esto evidencia la alta demanda que tiene nuestro producto en el mundo, principalmente de los Pa\u00edses Bajos (+53%), <a href=\"https:\/\/informaccion.com\/nuevaweb\/exportaciones-arandanos-peru-estados-unidos\/\">Estados Unidos<\/a> (+22%) y Espa\u00f1a (+87%)\u201d, se\u00f1al\u00f3 Valencia.<\/p>\n<p>El titular del Mincetur precis\u00f3 que estos mercados explicaron m\u00e1s del 70% del incremento del conocido superalimento peruano.<\/p>\n<p>Otros frutos que registraron un importante desenvolvimiento en el citado per\u00edodo fueron las uvas (+34%), ar\u00e1ndanos (+231%), <a href=\"https:\/\/informaccion.com\/nuevaweb\/produccion-palta-peruana-crece\/\">paltas<\/a> (+7%), casta\u00f1as (+64%) y bananas (+15%).<\/p>\n<p>Estos valores explicaron el crecimiento del sector frut\u00edcola, que tuvo un crecimiento de 23,4% (US$ 1.586 millones), sustentado por la mayor demanda de Pa\u00edses Bajos (+34%) y Estados Unidos (+29%).<\/p>\n<p>Al mes de julio, destacaron tambi\u00e9n las exportaciones de hortalizas frescas (+8,3%), gracias a los mayores env\u00edos de cebollas (+61%), frijoles (+71%) y arvejas (+49%).<\/p>\n<h2>Exportaciones no tradicionales<\/h2>\n<p>Por otro lado, el ministro Valencia se\u00f1al\u00f3 que, entre enero y julio del 2018, las exportaciones no tradicionales totalizaron US$ 7.447 millones \u2014lo que representa un crecimiento de 17%\u2014, acumulando 24 meses de crecimiento ininterrumpido.<\/p>\n<p>Adem\u00e1s del gran desempe\u00f1o de los env\u00edos del sector frut\u00edcola, registraron un buen dinamismo los env\u00edos del sector metalmec\u00e1nico y pesquero, que aumentaron en 20,9% y 29,1%, respectivamente.<\/p>\n<p>En la pesca no tradicional resalt\u00f3 el crecimiento de la pota (+65,1%), que totaliz\u00f3 US$ 495 millones, cifra que super\u00f3 los env\u00edos de todo el 2017 (US$ 390 millones), as\u00ed como de los filetes congelados (+32,1%) y langostinos (+6,1%).<\/p>\n<p>Otro de los sectores que se mantienen en la senda del crecimiento es el textil-confecciones.<\/p>\n<p>De esta manera, entre enero y julio de 2018, las exportaciones textiles alcanzaron US$ 792 millones, acumulando un crecimiento de 12,3%.<\/p>\n<p>En dicho per\u00edodo, destacaron los env\u00edos de pelo fino de alpaca (+40,1%), polos de algod\u00f3n (+11,4%) y otras prendas de algod\u00f3n (+7,3%).<\/p>\n<p>El principal destino fue Estados Unidos, registrando un incremento de 8,4% y contribuyendo con el 35% de las exportaciones del sector textil.<\/p>\n<p>Cabe destacar que, solo en julio del 2018, las exportaciones de textiles y confecciones ascendieron a US$ 119 millones, manteniendo 14 meses de crecimiento continuo.<\/p>\n<h2>Exportaciones tradicionales<\/h2>\n<p>Entre enero y julio de 2018, las exportaciones tradicionales ascendieron a US$ 20.508 millones, creciendo 18,4% respecto a similar periodo del 2017 (US$ 17.321 millones), inform\u00f3 Mincetur.<\/p>\n<p>Este crecimiento obedeci\u00f3 a la mayor exportaci\u00f3n minera, que creci\u00f3 19,7%, sustentada en los env\u00edos de zinc (+34,8%), cobre (+26,3%) y oro (+6,7%).<\/p>\n<p>Adem\u00e1s, hubo un fuerte incremento de la exportaci\u00f3n de hidrocarburos (+33,9%), por la mayor demanda de gas natural (+64,9%) y petr\u00f3leo crudo (+US$ 88 millones).<\/p>\n<h2>Exportaciones totales<\/h2>\n<p>A julio del 2018, las exportaciones peruanas bordearon los US$ 28 mil millones, creciendo 18% respecto a igual periodo del a\u00f1o 2017 (US$ 23 689 millones).<\/p>\n<p>Seg\u00fan Mincetur, este resultado se sustent\u00f3 en el aumento significativo de las exportaciones tradicionales y no tradicionales, que crecieron 18,4% y 17%, respectivamente.<\/p>\n<p><a href=\"http:\/\/bit.ly\/2nTwZZn\"><img loading=\"lazy\" decoding=\"async\" class=\"aligncenter size-large wp-image-4804\" src=\"https:\/\/informaccion.com\/nuevaweb\/wp-content\/uploads\/2018\/08\/Banner-Web-1024x256.jpg\" alt=\"libro digital para agroexportadores\" width=\"1024\" height=\"256\" srcset=\"https:\/\/informaccion.com\/nuevaweb\/wp-content\/uploads\/2018\/08\/Banner-Web-1024x256.jpg 1024w, https:\/\/informaccion.com\/nuevaweb\/wp-content\/uploads\/2018\/08\/Banner-Web-300x75.jpg 300w, https:\/\/informaccion.com\/nuevaweb\/wp-content\/uploads\/2018\/08\/Banner-Web-768x192.jpg 768w, https:\/\/informaccion.com\/nuevaweb\/wp-content\/uploads\/2018\/08\/Banner-Web-260x65.jpg 260w, https:\/\/informaccion.com\/nuevaweb\/wp-content\/uploads\/2018\/08\/Banner-Web-50x13.jpg 50w, https:\/\/informaccion.com\/nuevaweb\/wp-content\/uploads\/2018\/08\/Banner-Web-150x38.jpg 150w\" sizes=\"(max-width: 1024px) 100vw, 1024px\" \/><\/a><\/p>\n<p>Fuente: <a href=\"https:\/\/elcomercio.pe\/economia\/peru\/mincetur-exportaciones-mango-marcaron-record-historico-noticia-553851\">El Comercio<\/a> \/ 04-09-18<br \/>\n<div class=\"share_wrapper share_item\"><span class=\"st_facebook_vcount\" displayText=\"Facebook\"><\/span><span class=\"st_twitter_vcount\" displayText=\"Tweet\"><\/span><span class=\"st_pinterest_vcount\" displayText=\"Pinterest\"><\/span><script src=\"https:\/\/ws.sharethis.com\/button\/buttons.js\"><\/script><script>stLight.options({publisher: \"1390eb48-c3c3-409a-903a-ca202d50de91\", doNotHash: false, doNotCopy: false, hashAddressBar: false});<\/script><\/div>\n<p style=\"text-align: justify;\">[\/vc_column_text][\/vc_column][\/vc_row]<\/p>\n<p><\/script><\/p>\n","protected":false},"excerpt":{"rendered":"<p>El Fen\u00f3meno del Ni\u00f1o Costero que enfrent\u00f3 Per\u00fa a inicios del 2017 dej\u00f3 interrogantes sobre los retos que debe asumir el pa\u00eds y las medidas a tomar como ciudadanos para no repetir estos tr\u00e1gicos episodios.<\/p>\n","protected":false},"author":6,"featured_media":4835,"comment_status":"open","ping_status":"open","sticky":false,"template":"","format":"standard","meta":{"footnotes":""},"categories":[1,50,23],"tags":[89,195,188,164],"_links":{"self":[{"href":"https:\/\/informaccion.com\/nuevaweb\/wp-json\/wp\/v2\/posts\/4831"}],"collection":[{"href":"https:\/\/informaccion.com\/nuevaweb\/wp-json\/wp\/v2\/posts"}],"about":[{"href":"https:\/\/informaccion.com\/nuevaweb\/wp-json\/wp\/v2\/types\/post"}],"author":[{"embeddable":true,"href":"https:\/\/informaccion.com\/nuevaweb\/wp-json\/wp\/v2\/users\/6"}],"replies":[{"embeddable":true,"href":"https:\/\/informaccion.com\/nuevaweb\/wp-json\/wp\/v2\/comments?post=4831"}],"version-history":[{"count":4,"href":"https:\/\/informaccion.com\/nuevaweb\/wp-json\/wp\/v2\/posts\/4831\/revisions"}],"predecessor-version":[{"id":4836,"href":"https:\/\/informaccion.com\/nuevaweb\/wp-json\/wp\/v2\/posts\/4831\/revisions\/4836"}],"wp:featuredmedia":[{"embeddable":true,"href":"https:\/\/informaccion.com\/nuevaweb\/wp-json\/wp\/v2\/media\/4835"}],"wp:attachment":[{"href":"https:\/\/informaccion.com\/nuevaweb\/wp-json\/wp\/v2\/media?parent=4831"}],"wp:term":[{"taxonomy":"category","embeddable":true,"href":"https:\/\/informaccion.com\/nuevaweb\/wp-json\/wp\/v2\/categories?post=4831"},{"taxonomy":"post_tag","embeddable":true,"href":"https:\/\/informaccion.com\/nuevaweb\/wp-json\/wp\/v2\/tags?post=4831"}],"curies":[{"name":"wp","href":"https:\/\/api.w.org\/{rel}","templated":true}]}}