{"id":4718,"date":"2018-08-13T10:00:27","date_gmt":"2018-08-13T10:00:27","guid":{"rendered":"https:\/\/informaccion.com\/nuevaweb\/angeles-de-la-guarda\/"},"modified":"2018-08-13T21:38:42","modified_gmt":"2018-08-13T21:38:42","slug":"ica-peru-pais-maravilloso","status":"publish","type":"post","link":"https:\/\/informaccion.com\/nuevaweb\/ica-peru-pais-maravilloso\/","title":{"rendered":"La FIL Lima 2018\u2026 Ense\u00f1a Per\u00fa\u2026 Pa\u00eds maravilloso"},"content":{"rendered":"<p>[vc_row][vc_column][vc_column_text css=\u00bb.vc_custom_1492013742148{padding-top: 1px !important;padding-right: 40px !important;padding-bottom: 40px !important;padding-left: 40px !important;}\u00bb]<\/p>\n<p><img loading=\"lazy\" decoding=\"async\" class=\"aligncenter wp-image-3609\" src=\"https:\/\/informaccion.com\/nuevaweb\/wp-content\/uploads\/2017\/04\/fcillonizFINAL-1024x266.png\" alt=\"biograf\u00eda de fernando cilloniz, gobernador regional de ica\" width=\"725\" height=\"188\" srcset=\"https:\/\/informaccion.com\/nuevaweb\/wp-content\/uploads\/2017\/04\/fcillonizFINAL-1024x266.png 1024w, https:\/\/informaccion.com\/nuevaweb\/wp-content\/uploads\/2017\/04\/fcillonizFINAL-300x78.png 300w, https:\/\/informaccion.com\/nuevaweb\/wp-content\/uploads\/2017\/04\/fcillonizFINAL-768x200.png 768w, https:\/\/informaccion.com\/nuevaweb\/wp-content\/uploads\/2017\/04\/fcillonizFINAL-260x68.png 260w, https:\/\/informaccion.com\/nuevaweb\/wp-content\/uploads\/2017\/04\/fcillonizFINAL-50x13.png 50w, https:\/\/informaccion.com\/nuevaweb\/wp-content\/uploads\/2017\/04\/fcillonizFINAL-150x39.png 150w, https:\/\/informaccion.com\/nuevaweb\/wp-content\/uploads\/2017\/04\/fcillonizFINAL.png 1347w\" sizes=\"(max-width: 725px) 100vw, 725px\" \/><\/p>\n<p align=\"justify\">La semana pasada, mientras los audios de la verg\u00fcenza segu\u00edan calateando a las mafias enquistadas en el Estado, la cara brillante de nuestro pa\u00eds mostr\u00f3 a dos \u2013 de las muchas \u2013 instituciones ejemplares que nos llenan de orgullo y esperanza. La Feria Internacional del Libro de Lima, y Ense\u00f1a Per\u00fa.<\/p>\n<p>Felicitaciones a la C\u00e1mara Peruana del Libro por la extraordinaria organizaci\u00f3n de la 23 Feria Internacional del Libro de Lima 2018. Los peruanos acabamos de vivir unos d\u00edas espl\u00e9ndidos donde el gran protagonista fue EL LIBRO. El p\u00fablico \u2013 m\u00e1s de medio mill\u00f3n de personas \u2013 de todas las edades y regiones, escritores de todos los g\u00e9neros y estilos, editores nacionales e internacionales, distribuidores\u2026 todo el mundo del libro se encontr\u00f3 \u2013 y se entretuvo \u2013 a lo grande en la FIL Lima 2018. Una fiesta cultural\u2026 sensacional.<\/p>\n<p>Por si fuera poco\u2026 entre los muchos libros que se presentaron, dos fueron inspirados en la Hermandad del Agua entre Ica y Huancavelica. \u201cAGUAS EN DISPUTA\u201d por Mar\u00eda Teresa Or\u00e9 e Ismael Mu\u00f1oz. Y \u201cLA HERMANDAD DEL AGUA\u201d por Jaime la Torre.<\/p>\n<p>\u00a1Auditorio repleto! Gente parada porque no quedaban asientos libres. Hubo p\u00fablico que no pudo entrar\u2026 por seguridad. \u00a1Qu\u00e9 satisfacci\u00f3n tan inmensa! La Hermandad del Agua ya no es solo de Ica y Huancavelica\u2026 es de todos los peruanos. As\u00ed como Ica y Huancavelica nos hemos hermanado a trav\u00e9s del agua, toda la Costa debe hermanarse con la Sierra. Reservorios y bosques para que todos tengamos agua\u2026 sobre todo en los estiajes. Primero para los de arriba, y luego para los de abajo. Di\u00e1logos interregionales basados en el respeto, equidad, justicia, y sostenibilidad. Todo eso \u2013 y mucho m\u00e1s \u2013 se dijo en la presentaci\u00f3n de ambos libros. \u00a1Alegr\u00eda y j\u00fabilo\u2026 total!<\/p>\n<p>Ahora vamos con Ense\u00f1a Per\u00fa. Un movimiento de j\u00f3venes estupendos que creen en el poder de la educaci\u00f3n. Conf\u00edan en el potencial de los peruanos. Optimismo puro. Cero amarguras. Altruismo total. Lo dicen con convicci\u00f3n y entusiasmo: \u201cqueremos un pa\u00eds donde todos tengamos la oportunidad de realizar nuestros prop\u00f3sitos y de alcanzar nuestros sue\u00f1os\u201d. J\u00f3venes con sensibilidad social\u2026 pero sin ideolog\u00eda. \u00a1Una maravilla!<\/p>\n<p>Hace poco \u2013 estos j\u00f3venes ejemplares \u2013 me invitaron a un encuentro denominado LATIDO LATINO 2018\u2026 M\u00daLTIPLES VOCES, UN SOLO MOVIMIENTO. Yo particip\u00e9 en un panel con do\u00f1a Gumercinda Guire, directora de la UGEL de Imaza en la Regi\u00f3n Amazonas. Y Araceli Far\u00edas, l\u00edder del Movimiento Estudiantil Feminista de Chile.<\/p>\n<p>Gumer \u2013 as\u00ed le dicen en su pueblo \u2013 es una l\u00edder Awaj\u00fan brillante. Nos dej\u00f3 \u2013 a todos \u2013 perplejos con su sabidur\u00eda en torno a la educaci\u00f3n rural y los poderes de la naturaleza. Araceli, otro portento juvenil \u2013 brillante tambi\u00e9n \u2013 nos embeles\u00f3 con su carisma y temperamento. Yo fui invitado para dar cuenta de c\u00f3mo los ni\u00f1os y j\u00f3venes de Ica \u2013 nuestros \u00c1ngeles de la Guarda \u2013 eliminaron la epidemia del Dengue en la regi\u00f3n. \u00a1Juventud\u2026 divino tesoro!<\/p>\n<p align=\"justify\">REFLEXI\u00d3N FINAL: Los personajes purulentos de los audios de la verg\u00fcenza son reales\u2026 lamentablemente. Pero el Per\u00fa es mucho m\u00e1s que esa porquer\u00eda. El Per\u00fa es \u2013 tambi\u00e9n \u2013 la FIL Lima 2018. El Per\u00fa es Ense\u00f1a Per\u00fa. El Per\u00fa es Gumer y la ni\u00f1ez maravillosa de Ica. El Per\u00fa es \u2013 tambi\u00e9n \u2013 nuestra juventud. El Per\u00fa es un pa\u00eds maravilloso.<\/p>\n<p><em>Fuente: Correo ICA\u00a0<\/em><\/p>\n<p><em>*NOTA:\u00a0<a href=\"http:\/\/www.informaccion.com\"><strong>inform<\/strong><strong>@<\/strong><strong>cci\u00f3n<\/strong><\/a> vela por el derecho a la libertad de expresi\u00f3n de cada uno de los columnistas y usuarios en este espacio web. En ambos casos, los columnistas y usuarios son los \u00fanicos responsables frente a terceros o cualquier persona en general por los da\u00f1os o perjuicios que el contenido de sus opiniones y comentarios a t\u00edtulo personal puedan causar.<\/em><\/p>\n<p><a href=\"http:\/\/bit.ly\/2h8ihe2\" target=\"_blank\" rel=\"noopener noreferrer\"><img loading=\"lazy\" decoding=\"async\" class=\"aligncenter wp-image-3686 size-large\" src=\"https:\/\/informaccion.com\/nuevaweb\/wp-content\/uploads\/2017\/08\/libroexportando-web-1200x300-1024x256.png\" alt=\"libro exportando de datos de agricultura\" width=\"1200\" height=\"300\" srcset=\"https:\/\/informaccion.com\/nuevaweb\/wp-content\/uploads\/2017\/08\/libroexportando-web-1200x300-1024x256.png 1024w, https:\/\/informaccion.com\/nuevaweb\/wp-content\/uploads\/2017\/08\/libroexportando-web-1200x300-300x75.png 300w, https:\/\/informaccion.com\/nuevaweb\/wp-content\/uploads\/2017\/08\/libroexportando-web-1200x300-768x192.png 768w, https:\/\/informaccion.com\/nuevaweb\/wp-content\/uploads\/2017\/08\/libroexportando-web-1200x300-260x65.png 260w, https:\/\/informaccion.com\/nuevaweb\/wp-content\/uploads\/2017\/08\/libroexportando-web-1200x300-50x13.png 50w, https:\/\/informaccion.com\/nuevaweb\/wp-content\/uploads\/2017\/08\/libroexportando-web-1200x300-150x38.png 150w, https:\/\/informaccion.com\/nuevaweb\/wp-content\/uploads\/2017\/08\/libroexportando-web-1200x300.png 1200w\" sizes=\"(max-width: 1200px) 100vw, 1200px\" \/> <\/a><\/p>\n<p style=\"text-align: justify;\"><div class=\"share_wrapper share_item\"><span class=\"st_facebook_vcount\" displayText=\"Facebook\"><\/span><span class=\"st_twitter_vcount\" displayText=\"Tweet\"><\/span><span class=\"st_pinterest_vcount\" displayText=\"Pinterest\"><\/span><script src=\"https:\/\/ws.sharethis.com\/button\/buttons.js\"><\/script><script>stLight.options({publisher: \"1390eb48-c3c3-409a-903a-ca202d50de91\", doNotHash: false, doNotCopy: false, hashAddressBar: false});<\/script><\/div>\n<p style=\"text-align: justify;\">[\/vc_column_text][\/vc_column][\/vc_row]<\/p>\n<p><\/script><\/p>\n","protected":false},"excerpt":{"rendered":"<p>El Fen\u00f3meno del Ni\u00f1o Costero que enfrent\u00f3 Per\u00fa a inicios del 2017 dej\u00f3 interrogantes sobre los retos que debe asumir el pa\u00eds y las medidas a tomar como ciudadanos para no repetir estos tr\u00e1gicos episodios.<\/p>\n","protected":false},"author":6,"featured_media":4722,"comment_status":"open","ping_status":"open","sticky":false,"template":"","format":"standard","meta":{"footnotes":""},"categories":[127,1,50],"tags":[79,78],"_links":{"self":[{"href":"https:\/\/informaccion.com\/nuevaweb\/wp-json\/wp\/v2\/posts\/4718"}],"collection":[{"href":"https:\/\/informaccion.com\/nuevaweb\/wp-json\/wp\/v2\/posts"}],"about":[{"href":"https:\/\/informaccion.com\/nuevaweb\/wp-json\/wp\/v2\/types\/post"}],"author":[{"embeddable":true,"href":"https:\/\/informaccion.com\/nuevaweb\/wp-json\/wp\/v2\/users\/6"}],"replies":[{"embeddable":true,"href":"https:\/\/informaccion.com\/nuevaweb\/wp-json\/wp\/v2\/comments?post=4718"}],"version-history":[{"count":3,"href":"https:\/\/informaccion.com\/nuevaweb\/wp-json\/wp\/v2\/posts\/4718\/revisions"}],"predecessor-version":[{"id":4721,"href":"https:\/\/informaccion.com\/nuevaweb\/wp-json\/wp\/v2\/posts\/4718\/revisions\/4721"}],"wp:featuredmedia":[{"embeddable":true,"href":"https:\/\/informaccion.com\/nuevaweb\/wp-json\/wp\/v2\/media\/4722"}],"wp:attachment":[{"href":"https:\/\/informaccion.com\/nuevaweb\/wp-json\/wp\/v2\/media?parent=4718"}],"wp:term":[{"taxonomy":"category","embeddable":true,"href":"https:\/\/informaccion.com\/nuevaweb\/wp-json\/wp\/v2\/categories?post=4718"},{"taxonomy":"post_tag","embeddable":true,"href":"https:\/\/informaccion.com\/nuevaweb\/wp-json\/wp\/v2\/tags?post=4718"}],"curies":[{"name":"wp","href":"https:\/\/api.w.org\/{rel}","templated":true}]}}