{"id":4643,"date":"2018-05-24T10:30:27","date_gmt":"2018-05-24T10:30:27","guid":{"rendered":"https:\/\/informaccion.com\/nuevaweb\/produccion-de-palta-peruana-creceria-un-20-durante-la-actual-temporada\/"},"modified":"2018-05-24T19:39:19","modified_gmt":"2018-05-24T19:39:19","slug":"arequipa-libertad-exportaciones-frutas","status":"publish","type":"post","link":"https:\/\/informaccion.com\/nuevaweb\/arequipa-libertad-exportaciones-frutas\/","title":{"rendered":"Arequipa y La Libertad duplican exportaciones de frutas en primer trimestre de 2018"},"content":{"rendered":"<p>[vc_row][vc_column][vc_column_text css=\u00bb.vc_custom_1492013742148{padding-top: 1px !important;padding-right: 40px !important;padding-bottom: 40px !important;padding-left: 40px !important;}\u00bb]<\/p>\n<p style=\"text-align: center;\"><em><strong>Principalmente a los mercados de Estados Unidos, Pa\u00edses Bajos y Corea del Sur<\/strong><\/em><\/p>\n<p style=\"text-align: justify;\">En el primer trimestre del 2018, las exportaciones peruanas de frutas ascendieron a 744 millones de d\u00f3lares, resultado que estuvo sustentado b\u00e1sicamente por el importante dinamismo que registraron los env\u00edos de las regiones de La Libertad y Arequipa, destac\u00f3 hoy el Ministerio de Comercio Exterior y Turismo (Mincetur).<br \/>\nDe esta manera, en el citado per\u00edodo, ambas regiones duplicaron sus exportaciones de frutas, entre estas las conocidas mundialmente como \u00ab<a href=\"https:\/\/informaccion.com\/nuevaweb\/granada-peruana-mercados-asia\/\">Superfoods<\/a>\u00ab, destin\u00e1ndolas principalmente a pa\u00edses como Estados Unidos, Pa\u00edses Bajos y Corea del Sur.<\/p>\n<h2>La Libertad<\/h2>\n<p>En los primeros tres meses del 2018, la regi\u00f3n La Libertad export\u00f3 fruta por 66 millones de d\u00f3lares, lo que signific\u00f3 un crecimiento de 186% respecto a los 23 millones de d\u00f3lares que vendi\u00f3 en similar periodo del 2017.<\/p>\n<p>Este crecimiento respondi\u00f3 a los mayores despachos de uvas, mangos y, sobre todo, de los <a href=\"https:\/\/informaccion.com\/nuevaweb\/arandanos-peru-exportacion-eeuu\/\">ar\u00e1ndanos<\/a> (233%). Cabe destacar que, en la actualidad, esta regi\u00f3n norte\u00f1a es la principal productora y exportadora de este fruto.<\/p>\n<h2>Arequipa<\/h2>\n<p>En tanto, en el primer trimestre del 2018, la exportaci\u00f3n arequipe\u00f1a frut\u00edcola ascendi\u00f3 a 19 millones de d\u00f3lares, casi el doble de los 9 millones de d\u00f3lares que obtuvo en el citado periodo del 2017 y que represent\u00f3 un crecimiento superior a 100%.<\/p>\n<p>Este crecimiento fue explicado principalmente por los env\u00edos de <a href=\"https:\/\/informaccion.com\/nuevaweb\/productividad-uva-peru\/\">uvas<\/a> (111%), que contribuy\u00f3 con el 60% de las ventas. Es importante se\u00f1alar que, la regi\u00f3n sure\u00f1a es la cuarta mayor exportadora de uvas a nivel nacional.<\/p>\n<p>La Libertad es la mayor regi\u00f3n exportadora de frutas y Arequipa es la s\u00e9ptima a nivel nacional (26% y 2% de participaci\u00f3n, respectivamente). En conjunto, estas regiones representan casi el 30% de las exportaciones peruanas de frutas.<\/p>\n<p>Fuente: <a href=\"http:\/\/andina.pe\/agencia\/noticia-arequipa-y-libertad-duplican-exportaciones-frutas-primer-trimestre-2018-710701.aspx\">Andina<\/a>\u00a0\/ 21-05-18<\/p>\n<div class=\"share_wrapper share_item\"><span class=\"st_facebook_vcount\" displayText=\"Facebook\"><\/span><span class=\"st_twitter_vcount\" displayText=\"Tweet\"><\/span><span class=\"st_pinterest_vcount\" displayText=\"Pinterest\"><\/span><script src=\"https:\/\/ws.sharethis.com\/button\/buttons.js\"><\/script><script>stLight.options({publisher: \"1390eb48-c3c3-409a-903a-ca202d50de91\", doNotHash: false, doNotCopy: false, hashAddressBar: false});<\/script><\/div>\n<p style=\"text-align: justify;\">[\/vc_column_text][\/vc_column][\/vc_row]<\/p>\n<p><\/script><\/p>\n","protected":false},"excerpt":{"rendered":"<p>El Fen\u00f3meno del Ni\u00f1o Costero que enfrent\u00f3 Per\u00fa a inicios del 2017 dej\u00f3 interrogantes sobre los retos que debe asumir el pa\u00eds y las medidas a tomar como ciudadanos para no repetir estos tr\u00e1gicos episodios.<\/p>\n","protected":false},"author":6,"featured_media":4652,"comment_status":"open","ping_status":"open","sticky":false,"template":"","format":"standard","meta":{"footnotes":""},"categories":[1,50,23],"tags":[89,72,177,181,178,179,180,55],"_links":{"self":[{"href":"https:\/\/informaccion.com\/nuevaweb\/wp-json\/wp\/v2\/posts\/4643"}],"collection":[{"href":"https:\/\/informaccion.com\/nuevaweb\/wp-json\/wp\/v2\/posts"}],"about":[{"href":"https:\/\/informaccion.com\/nuevaweb\/wp-json\/wp\/v2\/types\/post"}],"author":[{"embeddable":true,"href":"https:\/\/informaccion.com\/nuevaweb\/wp-json\/wp\/v2\/users\/6"}],"replies":[{"embeddable":true,"href":"https:\/\/informaccion.com\/nuevaweb\/wp-json\/wp\/v2\/comments?post=4643"}],"version-history":[{"count":3,"href":"https:\/\/informaccion.com\/nuevaweb\/wp-json\/wp\/v2\/posts\/4643\/revisions"}],"predecessor-version":[{"id":4646,"href":"https:\/\/informaccion.com\/nuevaweb\/wp-json\/wp\/v2\/posts\/4643\/revisions\/4646"}],"wp:featuredmedia":[{"embeddable":true,"href":"https:\/\/informaccion.com\/nuevaweb\/wp-json\/wp\/v2\/media\/4652"}],"wp:attachment":[{"href":"https:\/\/informaccion.com\/nuevaweb\/wp-json\/wp\/v2\/media?parent=4643"}],"wp:term":[{"taxonomy":"category","embeddable":true,"href":"https:\/\/informaccion.com\/nuevaweb\/wp-json\/wp\/v2\/categories?post=4643"},{"taxonomy":"post_tag","embeddable":true,"href":"https:\/\/informaccion.com\/nuevaweb\/wp-json\/wp\/v2\/tags?post=4643"}],"curies":[{"name":"wp","href":"https:\/\/api.w.org\/{rel}","templated":true}]}}