{"id":4543,"date":"2018-03-20T11:30:27","date_gmt":"2018-03-20T11:30:27","guid":{"rendered":"https:\/\/informaccion.com\/nuevaweb\/oferta-agroexportadora-no-tradicional-del-peru-ingreso-a-99-paises-en-enero-de-2018\/"},"modified":"2018-03-20T16:39:51","modified_gmt":"2018-03-20T16:39:51","slug":"tratamiento-alternativo-arandanos-peru","status":"publish","type":"post","link":"https:\/\/informaccion.com\/nuevaweb\/tratamiento-alternativo-arandanos-peru\/","title":{"rendered":"Estados Unidos aprob\u00f3 tratamiento alternativo para ar\u00e1ndanos peruanos"},"content":{"rendered":"<p>[vc_row][vc_column][vc_column_text css=\u00bb.vc_custom_1492013742148{padding-top: 1px !important;padding-right: 40px !important;padding-bottom: 40px !important;padding-left: 40px !important;}\u00bb]<\/p>\n<p style=\"text-align: center;\"><em><strong>Medida mejorar\u00e1 competitividad de la fruta cuyos env\u00edos ascienden a US$ 101.2 millones<\/strong><\/em><\/p>\n<p style=\"text-align: justify;\"><a href=\"https:\/\/informaccion.com\/nuevaweb\/exportaciones-arandanos-crecieron-peru-2017\/\">Estados Unidos<\/a> aprob\u00f3 un tratamiento alternativo para los ar\u00e1ndanos peruanos, medida que mejorar\u00e1 la competitividad de la fruta cuyos env\u00edos ascienden actualmente a 101.2 millones de d\u00f3lares, inform\u00f3 hoy la C\u00e1mara de Comercio de Lima (CCL).<br \/>\nSeg\u00fan el Servicio de Inspecci\u00f3n Sanitario de Animales y Plantas de los Estados Unidos (APHIS, por sus siglas en ingl\u00e9s) recientemente se aprob\u00f3 un nuevo tratamiento sanitario alternativo de irradiaci\u00f3n para la exportaci\u00f3n de ar\u00e1ndanos hacia el mercado estadounidense.<\/p>\n<p>\u00abEste nuevo tratamiento permitir\u00e1 que los ar\u00e1ndanos peruanos, con acceso al <a href=\"https:\/\/informaccion.com\/nuevaweb\/peru-nuevos-mercados\/\">mercado<\/a> estadounidense, puedan exportarse utilizando una alternativa adicional al tratamiento de fumigaci\u00f3n con bromuro de metilo (el cual reduce su tiempo de vida en el mercado) o al tratamiento de fr\u00edo\u00bb, manifest\u00f3 el director ejecutivo del Instituto de Investigaci\u00f3n y Desarrollo de Comercio Exterior (Idexcam) de la CCL, Carlos Posada.<\/p>\n<p>Este procedimiento adicional, que mitigar\u00e1 la mosca de la fruta, se aplicar\u00eda en las instalaciones que autorice la autoridad sanitaria de EE. UU. dentro de su territorio.<\/p>\n<h2>Env\u00edos de ar\u00e1ndanos<\/h2>\n<p>Cabe mencionar que las exportaciones de ar\u00e1ndanos peruanos al mercado estadounidense han registrado crecimientos importantes a\u00f1o tras a\u00f1o, tanto en volumen como en valor exportado.<\/p>\n<p>En el 2013 los env\u00edos de esta fruta sumaron alrededor de 6.9 millones de d\u00f3lares y en volumen alcanzaron las 607 mil toneladas, en tanto, al cierre del 2017, el valor de lo exportado ascendi\u00f3 a 101.5 millones de d\u00f3lares (7.5% respecto al 2016) con 12.2 millones de toneladas exportadas.<\/p>\n<p>Fueron las autoridades peruanas las que solicitaron a sus pares de los Estados Unidos la aprobaci\u00f3n de esta alternativa de tratamiento, de acuerdo con la informaci\u00f3n difundida.<\/p>\n<p>\u00abLa C\u00e1mara de Comercio de Lima felicita y apoya este tipo de acciones del Estado que permiten aumentar las alternativas para la exportaci\u00f3n de productos nacionales ganando competitividad y mejoras en la log\u00edstica\u00bb, anot\u00f3 Carlos Posada.<\/p>\n<p>Fuente: <a href=\"http:\/\/andina.pe\/agencia\/noticia-estados-unidos-aprobo-tratamiento-alternativo-para-arandanos-peruanos-703651.aspx\">Agencia Andina<\/a>\u00a0\/ 20-03-18<\/p>\n<p><a href=\"https:\/\/informaccion.com\/nuevaweb\/sepa-uva-de-mesa\/\" target=\"_blank\" rel=\"noopener noreferrer\"><img loading=\"lazy\" decoding=\"async\" class=\"aligncenter wp-image-4524 size-large\" src=\"https:\/\/informaccion.com\/nuevaweb\/wp-content\/uploads\/2018\/03\/banner-1024x256.jpg\" alt=\"seminario uva de mesa en ica\" width=\"1024\" height=\"256\" srcset=\"https:\/\/informaccion.com\/nuevaweb\/wp-content\/uploads\/2018\/03\/banner-1024x256.jpg 1024w, https:\/\/informaccion.com\/nuevaweb\/wp-content\/uploads\/2018\/03\/banner-300x75.jpg 300w, https:\/\/informaccion.com\/nuevaweb\/wp-content\/uploads\/2018\/03\/banner-768x192.jpg 768w, https:\/\/informaccion.com\/nuevaweb\/wp-content\/uploads\/2018\/03\/banner-260x65.jpg 260w, https:\/\/informaccion.com\/nuevaweb\/wp-content\/uploads\/2018\/03\/banner-50x13.jpg 50w, https:\/\/informaccion.com\/nuevaweb\/wp-content\/uploads\/2018\/03\/banner-150x38.jpg 150w, https:\/\/informaccion.com\/nuevaweb\/wp-content\/uploads\/2018\/03\/banner.jpg 1500w\" sizes=\"(max-width: 1024px) 100vw, 1024px\" \/><\/a><a href=\"http:\/\/bit.ly\/2h8ihe2\" target=\"_blank\" rel=\"noopener noreferrer\"><br \/>\n<img loading=\"lazy\" decoding=\"async\" class=\"aligncenter wp-image-3686 size-large\" src=\"https:\/\/informaccion.com\/nuevaweb\/wp-content\/uploads\/2017\/08\/libroexportando-web-1200x300-1024x256.png\" alt=\"libro exportando de datos de agricultura\" width=\"1024\" height=\"256\" srcset=\"https:\/\/informaccion.com\/nuevaweb\/wp-content\/uploads\/2017\/08\/libroexportando-web-1200x300-1024x256.png 1024w, https:\/\/informaccion.com\/nuevaweb\/wp-content\/uploads\/2017\/08\/libroexportando-web-1200x300-300x75.png 300w, https:\/\/informaccion.com\/nuevaweb\/wp-content\/uploads\/2017\/08\/libroexportando-web-1200x300-768x192.png 768w, https:\/\/informaccion.com\/nuevaweb\/wp-content\/uploads\/2017\/08\/libroexportando-web-1200x300-260x65.png 260w, https:\/\/informaccion.com\/nuevaweb\/wp-content\/uploads\/2017\/08\/libroexportando-web-1200x300-50x13.png 50w, https:\/\/informaccion.com\/nuevaweb\/wp-content\/uploads\/2017\/08\/libroexportando-web-1200x300-150x38.png 150w, https:\/\/informaccion.com\/nuevaweb\/wp-content\/uploads\/2017\/08\/libroexportando-web-1200x300.png 1200w\" sizes=\"(max-width: 1024px) 100vw, 1024px\" \/> <\/a><\/p>\n<div class=\"share_wrapper share_item\"><span class=\"st_facebook_vcount\" displayText=\"Facebook\"><\/span><span class=\"st_twitter_vcount\" displayText=\"Tweet\"><\/span><span class=\"st_pinterest_vcount\" displayText=\"Pinterest\"><\/span><script src=\"https:\/\/ws.sharethis.com\/button\/buttons.js\"><\/script><script>stLight.options({publisher: \"1390eb48-c3c3-409a-903a-ca202d50de91\", doNotHash: false, doNotCopy: false, hashAddressBar: false});<\/script><\/div>\n<p style=\"text-align: justify;\">[\/vc_column_text][\/vc_column][\/vc_row]<\/p>\n<p><\/script><\/p>\n","protected":false},"excerpt":{"rendered":"<p>El Fen\u00f3meno del Ni\u00f1o Costero que enfrent\u00f3 Per\u00fa a inicios del 2017 dej\u00f3 interrogantes sobre los retos que debe asumir el pa\u00eds y las medidas a tomar como ciudadanos para no repetir estos tr\u00e1gicos episodios.<\/p>\n","protected":false},"author":6,"featured_media":4546,"comment_status":"open","ping_status":"open","sticky":false,"template":"","format":"standard","meta":{"footnotes":""},"categories":[1,50,23],"tags":[89,72,143,164,154],"_links":{"self":[{"href":"https:\/\/informaccion.com\/nuevaweb\/wp-json\/wp\/v2\/posts\/4543"}],"collection":[{"href":"https:\/\/informaccion.com\/nuevaweb\/wp-json\/wp\/v2\/posts"}],"about":[{"href":"https:\/\/informaccion.com\/nuevaweb\/wp-json\/wp\/v2\/types\/post"}],"author":[{"embeddable":true,"href":"https:\/\/informaccion.com\/nuevaweb\/wp-json\/wp\/v2\/users\/6"}],"replies":[{"embeddable":true,"href":"https:\/\/informaccion.com\/nuevaweb\/wp-json\/wp\/v2\/comments?post=4543"}],"version-history":[{"count":3,"href":"https:\/\/informaccion.com\/nuevaweb\/wp-json\/wp\/v2\/posts\/4543\/revisions"}],"predecessor-version":[{"id":4547,"href":"https:\/\/informaccion.com\/nuevaweb\/wp-json\/wp\/v2\/posts\/4543\/revisions\/4547"}],"wp:featuredmedia":[{"embeddable":true,"href":"https:\/\/informaccion.com\/nuevaweb\/wp-json\/wp\/v2\/media\/4546"}],"wp:attachment":[{"href":"https:\/\/informaccion.com\/nuevaweb\/wp-json\/wp\/v2\/media?parent=4543"}],"wp:term":[{"taxonomy":"category","embeddable":true,"href":"https:\/\/informaccion.com\/nuevaweb\/wp-json\/wp\/v2\/categories?post=4543"},{"taxonomy":"post_tag","embeddable":true,"href":"https:\/\/informaccion.com\/nuevaweb\/wp-json\/wp\/v2\/tags?post=4543"}],"curies":[{"name":"wp","href":"https:\/\/api.w.org\/{rel}","templated":true}]}}