{"id":4527,"date":"2018-03-13T14:00:27","date_gmt":"2018-03-13T14:00:27","guid":{"rendered":"https:\/\/informaccion.com\/nuevaweb\/exijannos-honestidad-veracidad-y-eficiencia-no-favores-personales\/"},"modified":"2018-03-13T20:07:36","modified_gmt":"2018-03-13T20:07:36","slug":"ica-gore-columna-marzo-agua","status":"publish","type":"post","link":"https:\/\/informaccion.com\/nuevaweb\/ica-gore-columna-marzo-agua\/","title":{"rendered":"\u00abAgua Grande\u201d, carreteras, puertos, ferrov\u00edas\u2026 Ica avanza a lo grande"},"content":{"rendered":"<p>[vc_row][vc_column][vc_column_text css=\u00bb.vc_custom_1492013742148{padding-top: 1px !important;padding-right: 40px !important;padding-bottom: 40px !important;padding-left: 40px !important;}\u00bb]<\/p>\n<p><img loading=\"lazy\" decoding=\"async\" class=\"aligncenter wp-image-3609\" src=\"https:\/\/informaccion.com\/nuevaweb\/wp-content\/uploads\/2017\/04\/fcillonizFINAL-1024x266.png\" alt=\"biograf\u00eda de fernando cilloniz, gobernador regional de ica\" width=\"725\" height=\"188\" srcset=\"https:\/\/informaccion.com\/nuevaweb\/wp-content\/uploads\/2017\/04\/fcillonizFINAL-1024x266.png 1024w, https:\/\/informaccion.com\/nuevaweb\/wp-content\/uploads\/2017\/04\/fcillonizFINAL-300x78.png 300w, https:\/\/informaccion.com\/nuevaweb\/wp-content\/uploads\/2017\/04\/fcillonizFINAL-768x200.png 768w, https:\/\/informaccion.com\/nuevaweb\/wp-content\/uploads\/2017\/04\/fcillonizFINAL-260x68.png 260w, https:\/\/informaccion.com\/nuevaweb\/wp-content\/uploads\/2017\/04\/fcillonizFINAL-50x13.png 50w, https:\/\/informaccion.com\/nuevaweb\/wp-content\/uploads\/2017\/04\/fcillonizFINAL-150x39.png 150w, https:\/\/informaccion.com\/nuevaweb\/wp-content\/uploads\/2017\/04\/fcillonizFINAL.png 1347w\" sizes=\"(max-width: 725px) 100vw, 725px\" \/><\/p>\n<p>El VII GORE EJECUTIVO quedar\u00e1 grabado por siempre en mi coraz\u00f3n. El evento que re\u00fane \u2013 cada dos meses \u2013 a Gobernadores Regionales, Ministros y Presidente de la Rep\u00fablica, sirve para monitorear el quehacer de las regiones.<\/p>\n<p>El broche de oro del evento fue la firma del acuerdo entre los Gobiernos Regionales de Ica y Huancavelica, y el Ministerio de Agricultura para llevar a cabo la \u201cLa Hermandad del Agua\u201d.<\/p>\n<p>Es decir, una serie de proyectos de afianzamiento h\u00eddrico en: (1) la cuenca del R\u00edo San Juan en Castrovirreyna y Chincha, (2) la cuenca del R\u00edo Pisco en Huaytar\u00e1 y Pisco, (3) la cuenca del R\u00edo Ica en Huaytar\u00e1 e Ica, y (4) la cuenca del R\u00edo Grande en Huaytar\u00e1, Palpa, y Nasca.<\/p>\n<p>\u201cAgua Grande\u201d \u2013 nuestro proyecto estrella \u2013 ya tiene licencia social. A partir de ahora \u2013 y por siempre \u2013 \u00a1Ica y Huancavelica somos Hermanos de Agua!<\/p>\n<p>En realidad, este hermanamiento empez\u00f3 hace 3 a\u00f1os cuando ambos Gobernadores asumimos funciones. El contacto inicial fue tenso por la largu\u00edsima historia de luchas y desencuentros por el agua. Pero las tensiones se disiparon r\u00e1pidamente cuando establecimos las pautas para nuestro hermanamiento: (1) Respeto mutuo. Nadie es m\u00e1s que el otro. (2) Equidad. En los Consejos de Cuencas. En la Mancomunidad Birregional Huancavelica \u2013 Ica. Etc. (3) Justicia. En el uso compartido de las aguas. En el pago por servicios ecosist\u00e9micos. Entre otros. Y (4) Sostenibilidad ambiental. Los bofedales no se tocan\u2026 por ejemplo. Y as\u00ed sucedi\u00f3.<\/p>\n<p>Ahora\u2026 bienvenidos los reservorios y bosques para almacenar aguas de lluvias. Bienvenidos los canales y pozas de infiltraci\u00f3n para recargar acu\u00edferos. Bienvenidas todas las fuentes de financiamiento para la Siembra y Cosecha de Agua: fondos p\u00fablicos, iniciativas privadas, cooperaci\u00f3n internacional, pagos por servicios ecosist\u00e9micos, etc.<\/p>\n<p>Pero hay m\u00e1s. En estos d\u00edas se abrir\u00e1 el tramo Pisco \u2013 San Andr\u00e9s de la autopista Chincha \u2013 Ica. Al evitamiento de Chincha, se suma ahora el evitamiento del sem\u00e1foro de Pisco. Gracias a esta obra, medio Per\u00fa es m\u00e1s moderno y seguro, m\u00e1s r\u00e1pido y fluido, m\u00e1s eficiente y competitivo. \u00a1Eso es progresar!<\/p>\n<p>La concesionaria a cargo de la modernizaci\u00f3n del Puerto General San Mart\u00edn de Pisco acaba de iniciar obras. Para tales efectos invertir\u00e1 US$ 260 millones durante los pr\u00f3ximo 30 meses. Similar al caso anterior, medio pa\u00eds contar\u00e1 \u2013 en breve \u2013 con un modern\u00edsimo puerto multiprop\u00f3sito en Pisco. \u00a1Chau Puerto del Callao! Queremos mucho a los lime\u00f1os y chalacos, pero detestamos su tr\u00e1fico infernal.<\/p>\n<p>M\u00e1s al Sur est\u00e1 dise\u00f1\u00e1ndose el Mega Puerto San Juan de Marcona. Una inversi\u00f3n privada de US$ 600 millones permitir\u00e1 la construcci\u00f3n de un puerto que embarcar\u00e1 m\u00e1s de 30 millones de toneladas de minerales por a\u00f1o. Si le sumamos la carga de importaci\u00f3n, Marcona ser\u00e1 el puerto m\u00e1s grande del pa\u00eds. \u00a1M\u00e1s grande que El Callao! \u00bfA\u00f1o de inicio de operaciones? 2021.<\/p>\n<p>Pero lo m\u00e1s-m\u00e1s viene por el lado ferroviario. Adem\u00e1s del Tren de Cercan\u00edas Barranca \u2013 Ica, viene el Tren Cotabambas (Apur\u00edmac) \u2013 Marcona (Ica). Ambos proyectos est\u00e1n en fase de dise\u00f1o, as\u00ed que paciencia y buen humor. \u00bfHabr\u00e1 que esperar 4, 6, 8 a\u00f1os? No s\u00e9. La cosa es avanzar\u2026 no parar. Respaldemos al Gobierno Central y \u2013 como Gobierno Regional y Municipios \u2013 demos todas las facilidades para que los inversionistas hagan su trabajo sin demoras.<\/p>\n<p>Entre par\u00e9ntesis, me parece estar escuchando las cr\u00edticas berrinchudas de mis adversarios. Mentiroso, inepto, corrupto, abusivo. Todo eso \u2013 y mucho m\u00e1s \u2013 dicen de m\u00ed mis detractores. Ante ello \u00a1s\u00f3lo queda ponerle luto a la bacinica!<\/p>\n<p>El hecho real y concreto es que Ica avanza a lo grande. Porque detr\u00e1s del \u201cAgua Grande\u201d y detr\u00e1s de esta infraestructura log\u00edstica de primer mundo viene m\u00e1s miner\u00eda, m\u00e1s agricultura, m\u00e1s pesca, m\u00e1s industria, m\u00e1s turismo, y \u2013 sobre todo \u2013 m\u00e1s pisco del bueno. En s\u00edntesis\u2026 m\u00e1s trabajo y bienestar. Por todo ello \u00a1salud!<\/p>\n<p><em>Fuente: Correo ICA\u00a0<\/em><\/p>\n<p><em>*NOTA:\u00a0<a href=\"http:\/\/www.informaccion.com\"><strong>inform<\/strong><strong>@<\/strong><strong>cci\u00f3n<\/strong><\/a> vela por el derecho a la libertad de expresi\u00f3n de cada uno de los columnistas y usuarios en este espacio web. En ambos casos, los columnistas y usuarios son los \u00fanicos responsables frente a terceros o cualquier persona en general por los da\u00f1os o perjuicios que el contenido de sus opiniones y comentarios a t\u00edtulo personal puedan causar.<\/em><\/p>\n<p><a href=\"http:\/\/bit.ly\/2h8ihe2\" target=\"_blank\" rel=\"noopener noreferrer\"><img loading=\"lazy\" decoding=\"async\" class=\"aligncenter wp-image-3686 size-large\" src=\"https:\/\/informaccion.com\/nuevaweb\/wp-content\/uploads\/2017\/08\/libroexportando-web-1200x300-1024x256.png\" alt=\"libro exportando de datos de agricultura\" width=\"1200\" height=\"300\" srcset=\"https:\/\/informaccion.com\/nuevaweb\/wp-content\/uploads\/2017\/08\/libroexportando-web-1200x300-1024x256.png 1024w, https:\/\/informaccion.com\/nuevaweb\/wp-content\/uploads\/2017\/08\/libroexportando-web-1200x300-300x75.png 300w, https:\/\/informaccion.com\/nuevaweb\/wp-content\/uploads\/2017\/08\/libroexportando-web-1200x300-768x192.png 768w, https:\/\/informaccion.com\/nuevaweb\/wp-content\/uploads\/2017\/08\/libroexportando-web-1200x300-260x65.png 260w, https:\/\/informaccion.com\/nuevaweb\/wp-content\/uploads\/2017\/08\/libroexportando-web-1200x300-50x13.png 50w, https:\/\/informaccion.com\/nuevaweb\/wp-content\/uploads\/2017\/08\/libroexportando-web-1200x300-150x38.png 150w, https:\/\/informaccion.com\/nuevaweb\/wp-content\/uploads\/2017\/08\/libroexportando-web-1200x300.png 1200w\" sizes=\"(max-width: 1200px) 100vw, 1200px\" \/> <\/a><\/p>\n<p style=\"text-align: justify;\"><div class=\"share_wrapper share_item\"><span class=\"st_facebook_vcount\" displayText=\"Facebook\"><\/span><span class=\"st_twitter_vcount\" displayText=\"Tweet\"><\/span><span class=\"st_pinterest_vcount\" displayText=\"Pinterest\"><\/span><script src=\"https:\/\/ws.sharethis.com\/button\/buttons.js\"><\/script><script>stLight.options({publisher: \"1390eb48-c3c3-409a-903a-ca202d50de91\", doNotHash: false, doNotCopy: false, hashAddressBar: false});<\/script><\/div>\n<p style=\"text-align: justify;\">[\/vc_column_text][\/vc_column][\/vc_row]<\/p>\n<p><\/script><\/p>\n","protected":false},"excerpt":{"rendered":"<p>El Fen\u00f3meno del Ni\u00f1o Costero que enfrent\u00f3 Per\u00fa a inicios del 2017 dej\u00f3 interrogantes sobre los retos que debe asumir el pa\u00eds y las medidas a tomar como ciudadanos para no repetir estos tr\u00e1gicos episodios.<\/p>\n","protected":false},"author":6,"featured_media":4530,"comment_status":"open","ping_status":"open","sticky":false,"template":"","format":"standard","meta":{"footnotes":""},"categories":[127,1,50],"tags":[118,79,78,155,165],"_links":{"self":[{"href":"https:\/\/informaccion.com\/nuevaweb\/wp-json\/wp\/v2\/posts\/4527"}],"collection":[{"href":"https:\/\/informaccion.com\/nuevaweb\/wp-json\/wp\/v2\/posts"}],"about":[{"href":"https:\/\/informaccion.com\/nuevaweb\/wp-json\/wp\/v2\/types\/post"}],"author":[{"embeddable":true,"href":"https:\/\/informaccion.com\/nuevaweb\/wp-json\/wp\/v2\/users\/6"}],"replies":[{"embeddable":true,"href":"https:\/\/informaccion.com\/nuevaweb\/wp-json\/wp\/v2\/comments?post=4527"}],"version-history":[{"count":3,"href":"https:\/\/informaccion.com\/nuevaweb\/wp-json\/wp\/v2\/posts\/4527\/revisions"}],"predecessor-version":[{"id":4531,"href":"https:\/\/informaccion.com\/nuevaweb\/wp-json\/wp\/v2\/posts\/4527\/revisions\/4531"}],"wp:featuredmedia":[{"embeddable":true,"href":"https:\/\/informaccion.com\/nuevaweb\/wp-json\/wp\/v2\/media\/4530"}],"wp:attachment":[{"href":"https:\/\/informaccion.com\/nuevaweb\/wp-json\/wp\/v2\/media?parent=4527"}],"wp:term":[{"taxonomy":"category","embeddable":true,"href":"https:\/\/informaccion.com\/nuevaweb\/wp-json\/wp\/v2\/categories?post=4527"},{"taxonomy":"post_tag","embeddable":true,"href":"https:\/\/informaccion.com\/nuevaweb\/wp-json\/wp\/v2\/tags?post=4527"}],"curies":[{"name":"wp","href":"https:\/\/api.w.org\/{rel}","templated":true}]}}