{"id":4413,"date":"2018-01-30T11:20:27","date_gmt":"2018-01-30T11:20:27","guid":{"rendered":"https:\/\/informaccion.com\/nuevaweb\/agroexportaciones-peruanas-llegan-a-148-paises-y-crecen-9-a-noviembre-2017\/"},"modified":"2018-01-30T20:30:26","modified_gmt":"2018-01-30T20:30:26","slug":"granadilla-peru-brasil-2018","status":"publish","type":"post","link":"https:\/\/informaccion.com\/nuevaweb\/granadilla-peru-brasil-2018\/","title":{"rendered":"Per\u00fa inicia exportaciones de granadilla a Brasil"},"content":{"rendered":"<p>[vc_row][vc_column][vc_column_text css=\u00bb.vc_custom_1492013742148{padding-top: 1px !important;padding-right: 40px !important;padding-bottom: 40px !important;padding-left: 40px !important;}\u00bb]<\/p>\n<p style=\"text-align: center;\"><em><strong>El Per\u00fa envi\u00f3 el primer cargamento de granadilla con destino a Brasil, concret\u00e1ndose as\u00ed el ingreso de esta fruta al vecino pa\u00eds, indic\u00f3 el Ministerio de Comercio Exterior y Turismo (Mincetur).<\/strong><\/em><\/p>\n<p>La primera exportaci\u00f3n de <strong>granadilla<\/strong> se efect\u00fao como resultado de las gestiones de la Oficina Comercial del Per\u00fa en Sao Paulo (OCEX Sao Paulo) y el Servicio Nacional de Sanidad y Calidad Agroalimentaria (<strong>Senasa<\/strong>), que en junio del 2017 lograron la autorizaci\u00f3n para el ingreso de este producto a Brasil.<\/p>\n<p>La granadilla que arrib\u00f3 a este mercado, a trav\u00e9s de la exportadora peruana Agro Golden Grain, fue producida por la tambi\u00e9n empresa nacional SAF Per\u00fa esta \u00faltima ubicada en la provincia de Oxapampa, regi\u00f3n de <strong>Pasco<\/strong>.<\/p>\n<p>El Mincetur detall\u00f3 que se exportaron 125 kilogramos de <strong>granadilla<\/strong> fresca de primera calidad, en cajas de dos kilos, destinados exclusivamente al \u00e1rea de Sao Paulo.<\/p>\n<p>No obstante, el contrato de exportaci\u00f3n establece el env\u00edo de 12 toneladas de dicha <a href=\"https:\/\/informaccion.com\/nuevaweb\/agroexportaciones-peru-china-corea\/\">fruta<\/a>, durante el per\u00edodo de un a\u00f1o, por el valor total de 60,000 d\u00f3lares.<\/p>\n<p>Actualmente, la fruta se comercializa en la Compa\u00f1\u00eda de Entrepuestos y Almacenes Generales de Sao Paulo (Ceagesp), considerada el mercado mayorista de frutas y verduras frescas m\u00e1s grande de Am\u00e9rica Latina y principal centro de distribuci\u00f3n de Brasil.<\/p>\n<p>Dada la acogida que viene teniendo la granadilla peruana, la OCEX Sao Paulo espera que se realicen embarques a\u00e9reos semanales para distribuirla en diferentes estados de Brasil como Santa Catarina, R\u00edo de Janeiro, Porto Alegre, Florian\u00f3polis, Manaos, entre otros.<\/p>\n<p>Cabe destacar que la granadilla nacional resalta por su<strong> sabor, calibre y color,<\/strong> caracter\u00edstico de la provincia de Oxapampa, factores que la llevaron a obtener el logro est\u00e1ndar internacional para ser exportada.<\/p>\n<p>Tal es as\u00ed que los comensales brasileros pueden pagar hasta 70 reales por kilo (21 d\u00f3lares x kilo aproximadamente) para disfrutar esta delicia ex\u00f3tica y proveniente del Per\u00fa.<\/p>\n<h2>Promoci\u00f3n de granadilla peruana<\/h2>\n<p>La <strong>granadilla fresca<\/strong> es poco conocida por el consumidor brasilero, ya que se la relaciona con el maracuy\u00e1. Sin embargo, se ha identificado una alta demanda para la primera, que hoy supera las 80 toneladas anuales, y que, hasta la fecha, solo era abastecida por Colombia.<\/p>\n<p>El consejero comercial de la OCEX Sao Paulo, Antonio Castillo, se\u00f1al\u00f3 que con el objetivo de hacer m\u00e1s conocida la granadilla peruana en el 2018 se fortalecer\u00e1 su promoci\u00f3n, resaltando sus propiedades alimenticias y facilidad de consumo en los diversos eventos que se realizar\u00e1n, principalmente, en Sao Paulo y R\u00edo de Janeiro.<\/p>\n<p>Fuente: <a href=\"http:\/\/www.andina.com.pe\/agencia\/noticia-peru-inicia-exportaciones-granadilla-a-brasil-697632.aspx\">Agencia Andina<\/a>\u00a0\/ 29-01-18<\/p>\n<p><a href=\"http:\/\/bit.ly\/2h8ihe2\" target=\"_blank\" rel=\"noopener noreferrer\"><br \/>\n<img loading=\"lazy\" decoding=\"async\" class=\"aligncenter wp-image-3686 size-large\" src=\"https:\/\/informaccion.com\/nuevaweb\/wp-content\/uploads\/2017\/08\/libroexportando-web-1200x300-1024x256.png\" alt=\"libro exportando de datos de agricultura\" width=\"1024\" height=\"256\" srcset=\"https:\/\/informaccion.com\/nuevaweb\/wp-content\/uploads\/2017\/08\/libroexportando-web-1200x300-1024x256.png 1024w, https:\/\/informaccion.com\/nuevaweb\/wp-content\/uploads\/2017\/08\/libroexportando-web-1200x300-300x75.png 300w, https:\/\/informaccion.com\/nuevaweb\/wp-content\/uploads\/2017\/08\/libroexportando-web-1200x300-768x192.png 768w, https:\/\/informaccion.com\/nuevaweb\/wp-content\/uploads\/2017\/08\/libroexportando-web-1200x300-260x65.png 260w, https:\/\/informaccion.com\/nuevaweb\/wp-content\/uploads\/2017\/08\/libroexportando-web-1200x300-50x13.png 50w, https:\/\/informaccion.com\/nuevaweb\/wp-content\/uploads\/2017\/08\/libroexportando-web-1200x300-150x38.png 150w, https:\/\/informaccion.com\/nuevaweb\/wp-content\/uploads\/2017\/08\/libroexportando-web-1200x300.png 1200w\" sizes=\"(max-width: 1024px) 100vw, 1024px\" \/> <\/a><\/p>\n<div class=\"share_wrapper share_item\"><span class=\"st_facebook_vcount\" displayText=\"Facebook\"><\/span><span class=\"st_twitter_vcount\" displayText=\"Tweet\"><\/span><span class=\"st_pinterest_vcount\" displayText=\"Pinterest\"><\/span><script src=\"https:\/\/ws.sharethis.com\/button\/buttons.js\"><\/script><script>stLight.options({publisher: \"1390eb48-c3c3-409a-903a-ca202d50de91\", doNotHash: false, doNotCopy: false, hashAddressBar: false});<\/script><\/div>\n<p style=\"text-align: justify;\">[\/vc_column_text][\/vc_column][\/vc_row]<\/p>\n<p><\/script><\/p>\n","protected":false},"excerpt":{"rendered":"<p>El Fen\u00f3meno del Ni\u00f1o Costero que enfrent\u00f3 Per\u00fa a inicios del 2017 dej\u00f3 interrogantes sobre los retos que debe asumir el pa\u00eds y las medidas a tomar como ciudadanos para no repetir estos tr\u00e1gicos episodios.<\/p>\n","protected":false},"author":6,"featured_media":4416,"comment_status":"open","ping_status":"open","sticky":false,"template":"","format":"standard","meta":{"footnotes":""},"categories":[1,50,23],"tags":[89,143,157,158,154,159],"_links":{"self":[{"href":"https:\/\/informaccion.com\/nuevaweb\/wp-json\/wp\/v2\/posts\/4413"}],"collection":[{"href":"https:\/\/informaccion.com\/nuevaweb\/wp-json\/wp\/v2\/posts"}],"about":[{"href":"https:\/\/informaccion.com\/nuevaweb\/wp-json\/wp\/v2\/types\/post"}],"author":[{"embeddable":true,"href":"https:\/\/informaccion.com\/nuevaweb\/wp-json\/wp\/v2\/users\/6"}],"replies":[{"embeddable":true,"href":"https:\/\/informaccion.com\/nuevaweb\/wp-json\/wp\/v2\/comments?post=4413"}],"version-history":[{"count":3,"href":"https:\/\/informaccion.com\/nuevaweb\/wp-json\/wp\/v2\/posts\/4413\/revisions"}],"predecessor-version":[{"id":4417,"href":"https:\/\/informaccion.com\/nuevaweb\/wp-json\/wp\/v2\/posts\/4413\/revisions\/4417"}],"wp:featuredmedia":[{"embeddable":true,"href":"https:\/\/informaccion.com\/nuevaweb\/wp-json\/wp\/v2\/media\/4416"}],"wp:attachment":[{"href":"https:\/\/informaccion.com\/nuevaweb\/wp-json\/wp\/v2\/media?parent=4413"}],"wp:term":[{"taxonomy":"category","embeddable":true,"href":"https:\/\/informaccion.com\/nuevaweb\/wp-json\/wp\/v2\/categories?post=4413"},{"taxonomy":"post_tag","embeddable":true,"href":"https:\/\/informaccion.com\/nuevaweb\/wp-json\/wp\/v2\/tags?post=4413"}],"curies":[{"name":"wp","href":"https:\/\/api.w.org\/{rel}","templated":true}]}}