{"id":4370,"date":"2018-01-12T11:00:27","date_gmt":"2018-01-12T11:00:27","guid":{"rendered":"https:\/\/informaccion.com\/nuevaweb\/adelante-senor-alcalde\/"},"modified":"2018-01-12T16:16:03","modified_gmt":"2018-01-12T16:16:03","slug":"pueblo-iqueno","status":"publish","type":"post","link":"https:\/\/informaccion.com\/nuevaweb\/pueblo-iqueno\/","title":{"rendered":"Los enemigos del pueblo ique\u00f1o"},"content":{"rendered":"<p>[vc_row][vc_column][vc_column_text css=\u00bb.vc_custom_1492013742148{padding-top: 1px !important;padding-right: 40px !important;padding-bottom: 40px !important;padding-left: 40px !important;}\u00bb]<\/p>\n<p><img loading=\"lazy\" decoding=\"async\" class=\"aligncenter wp-image-3609\" src=\"https:\/\/informaccion.com\/nuevaweb\/wp-content\/uploads\/2017\/04\/fcillonizFINAL-1024x266.png\" alt=\"biograf\u00eda de fernando cilloniz, gobernador regional de ica\" width=\"725\" height=\"188\" srcset=\"https:\/\/informaccion.com\/nuevaweb\/wp-content\/uploads\/2017\/04\/fcillonizFINAL-1024x266.png 1024w, https:\/\/informaccion.com\/nuevaweb\/wp-content\/uploads\/2017\/04\/fcillonizFINAL-300x78.png 300w, https:\/\/informaccion.com\/nuevaweb\/wp-content\/uploads\/2017\/04\/fcillonizFINAL-768x200.png 768w, https:\/\/informaccion.com\/nuevaweb\/wp-content\/uploads\/2017\/04\/fcillonizFINAL-260x68.png 260w, https:\/\/informaccion.com\/nuevaweb\/wp-content\/uploads\/2017\/04\/fcillonizFINAL-50x13.png 50w, https:\/\/informaccion.com\/nuevaweb\/wp-content\/uploads\/2017\/04\/fcillonizFINAL-150x39.png 150w, https:\/\/informaccion.com\/nuevaweb\/wp-content\/uploads\/2017\/04\/fcillonizFINAL.png 1347w\" sizes=\"(max-width: 725px) 100vw, 725px\" \/><\/p>\n<p>Uno de los m\u00e1s ilustres pensadores del Per\u00fa fue \u2013 sin duda \u2013 Don Jorge Basadre. Efectivamente, \u00e9l fue quien identific\u00f3 los enormes lastres de la historia peruana: militarismo, clientelismo, autoritarismo, centralismo, y CORRUPCI\u00d3N.<\/p>\n<p>Sin embargo, su genio metaf\u00f3rico se coron\u00f3 cuando identific\u00f3 a los tres grandes enemigos que impiden la consolidaci\u00f3n de la promesa peruana: los PODRIDOS, los congelados, y los incendiados. (Las may\u00fasculas son m\u00edas)<\/p>\n<p>Entonces\u2026 s\u00ed. Me queda muy claro. Luego de corroborarlo como Gobernador Regional, los CORRUPTOS \u2013 o lo que es lo mismo\u2026 los PODRIDOS \u2013 son los principales enemigos del pueblo ique\u00f1o.<\/p>\n<p>Son unos miserables. Est\u00e1n por todas partes. Le roban \u2013 sin escr\u00fapulos \u2013 a la gente pobre\u2026 pero lo niegan con total desparpajo. Puede ser un dirigente sindical que rinde cuenta de sus vi\u00e1ticos con facturas falsificadas. O un m\u00e9dico malacostumbrado a abandonar el hospital \u2013 en horario de trabajo \u2013 para cobrar a dos cachetes. O uno que sustrae equipos del hospital y \/ o medicinas de la farmacia para sus pr\u00e1cticas privadas, o para venderlas \u2013 por lo bajo \u2013 a pacientes necesitados.<\/p>\n<p>Por otro lado \u00bfqu\u00e9 decir de la corrupci\u00f3n \u2013 o podredumbre \u2013 que hab\u00eda en la Direcci\u00f3n Regional de Transportes? Concretamente en el tr\u00e1fico de Licencias de Conducir. \u00a1Mafiosos que medraban de las coimas \u2013 y el maltrato \u2013 a todo aquel que aspirara a ser un transportista formal!<\/p>\n<p>Pero eso no es todo. La sobrevaloraci\u00f3n de las compras de bienes y servicios. El \u201cdiezmo podrido\u201d detr\u00e1s de las obras de construcci\u00f3n. La \u201cventa\u201d de favores en los concursos de puestos de trabajo. Y muchos etc\u00e9teras m\u00e1s. \u00a1Odebrecht es una plaga enquistada en todas las instituciones de nuestra regi\u00f3n! Esos son los CORRUPTOS\u2026 el enemigo No. 1 de los ique\u00f1os.<\/p>\n<p>Pero nuestra poblaci\u00f3n tiene otros enemigos tambi\u00e9n. Los INDOLENTES pueden no ser tan miserables como los corruptos\u2026 pero por ah\u00ed van. El INDOLENTE es aquel servidor p\u00fablico que no atiende con eficiencia y cordialidad a la ciudadan\u00eda que depende de \u00e9l para vivir con dignidad.<\/p>\n<p>Por ejemplo, un bur\u00f3crata que hace esperar in\u00fatilmente \u2013 a veces meses o a\u00f1os enteros \u2013 a ciudadanos que acuden a su despacho para realizar un tr\u00e1mite de cualquier \u00edndole. Cal\u00edn Ramos \u2013 el ex alcalde de Ica \u2013 fue un indolente. No le doli\u00f3 que vivamos rodeados de basura. Pueden no ser corruptos\u2026 pero igual maltratan a los ciudadanos. Son crueles. No se inmutan frente al dolor de la gente necesitada. Son unos maltratadores incorregibles. Se parecen mucho a los CONGELADOS de Basadre. \u00a1Son detestables!<\/p>\n<p>Por \u00faltimo, tambi\u00e9n est\u00e1n los MIEDOSOS. No son \u2013 necesariamente \u2013 corruptos o indolentes. Pero se mueren de miedo de tomar alguna decisi\u00f3n \u2013 o firmar cualquier resoluci\u00f3n \u2013 por temor a ser involucrados en alguna denuncia o proceso sancionador.<\/p>\n<p>A este respecto \u2013 valgan verdades \u2013 Ica est\u00e1 plagada de leguleyos expertos en denunciar a cuanto funcionario se les cruce en su camino. Las denuncias pueden ser formales\u2026 es decir, a trav\u00e9s de la Fiscal\u00eda. O medi\u00e1ticas\u2026 a trav\u00e9s de periodistas corruptos. Me refiero \u2013 por supuesto \u2013 a las denuncias sin sustento que tan frecuentemente aparecen en las redes sociales y \/ o programas de ciertos periodistas chantajistas.<\/p>\n<p>Pero bueno\u2026 para eso estamos. El Gobierno Regional no es lugar para MIEDOSOS. Nuestra instituci\u00f3n est\u00e1 abierta para gente honesta, servicial\u2026 \u00a1y valiente! Obviamente, hay que tener buenos asesores en materia legal, porque de eso se agarran los Flores Camargo, las Dery Gonz\u00e1les, etc. Esa gente vive para denunciar. Traspiran odio por sus poros. Hay que tener cuidado con ellos, pero de ah\u00ed a tenerles miedo\u2026 tampoco, tampoco. Al contrario\u2026 hay que confrontarlos. \u00a1Qu\u00e9 se creen!<\/p>\n<p>Conclusi\u00f3n. Los enemigos de los ique\u00f1os son \u2013 de mayor a menor \u2013 los CORRUPTOS, los INDOLENTES, y los MIEDOSOS. Los primeros est\u00e1n saliendo \u2013 poco a poco \u2013 con la ley atragantada. Y los segundos y terceros\u2026 ojal\u00e1 se vayan porque \u00a1cu\u00e1nto da\u00f1o le est\u00e1n haciendo a los ique\u00f1os!<\/p>\n<p><em>Fuente: Correo ICA\u00a0<\/em><\/p>\n<p><em>*NOTA:\u00a0<a href=\"http:\/\/www.informaccion.com\"><strong>inform<\/strong><strong>@<\/strong><strong>cci\u00f3n<\/strong><\/a> vela por el derecho a la libertad de expresi\u00f3n de cada uno de los columnistas y usuarios en este espacio web. En ambos casos, los columnistas y usuarios son los \u00fanicos responsables frente a terceros o cualquier persona en general por los da\u00f1os o perjuicios que el contenido de sus opiniones y comentarios a t\u00edtulo personal puedan causar.<\/em><\/p>\n<p><a href=\"http:\/\/bit.ly\/2h8ihe2\" target=\"_blank\" rel=\"noopener noreferrer\"><img loading=\"lazy\" decoding=\"async\" class=\"aligncenter wp-image-3686 size-large\" src=\"https:\/\/informaccion.com\/nuevaweb\/wp-content\/uploads\/2017\/08\/libroexportando-web-1200x300-1024x256.png\" alt=\"libro exportando de datos de agricultura\" width=\"1200\" height=\"300\" srcset=\"https:\/\/informaccion.com\/nuevaweb\/wp-content\/uploads\/2017\/08\/libroexportando-web-1200x300-1024x256.png 1024w, https:\/\/informaccion.com\/nuevaweb\/wp-content\/uploads\/2017\/08\/libroexportando-web-1200x300-300x75.png 300w, https:\/\/informaccion.com\/nuevaweb\/wp-content\/uploads\/2017\/08\/libroexportando-web-1200x300-768x192.png 768w, https:\/\/informaccion.com\/nuevaweb\/wp-content\/uploads\/2017\/08\/libroexportando-web-1200x300-260x65.png 260w, https:\/\/informaccion.com\/nuevaweb\/wp-content\/uploads\/2017\/08\/libroexportando-web-1200x300-50x13.png 50w, https:\/\/informaccion.com\/nuevaweb\/wp-content\/uploads\/2017\/08\/libroexportando-web-1200x300-150x38.png 150w, https:\/\/informaccion.com\/nuevaweb\/wp-content\/uploads\/2017\/08\/libroexportando-web-1200x300.png 1200w\" sizes=\"(max-width: 1200px) 100vw, 1200px\" \/> <\/a><\/p>\n<p style=\"text-align: justify;\"><div class=\"share_wrapper share_item\"><span class=\"st_facebook_vcount\" displayText=\"Facebook\"><\/span><span class=\"st_twitter_vcount\" displayText=\"Tweet\"><\/span><span class=\"st_pinterest_vcount\" displayText=\"Pinterest\"><\/span><script src=\"https:\/\/ws.sharethis.com\/button\/buttons.js\"><\/script><script>stLight.options({publisher: \"1390eb48-c3c3-409a-903a-ca202d50de91\", doNotHash: false, doNotCopy: false, hashAddressBar: false});<\/script><\/div>\n<p style=\"text-align: justify;\">[\/vc_column_text][\/vc_column][\/vc_row]<\/p>\n<p><\/script><\/p>\n","protected":false},"excerpt":{"rendered":"<p>El Fen\u00f3meno del Ni\u00f1o Costero que enfrent\u00f3 Per\u00fa a inicios del 2017 dej\u00f3 interrogantes sobre los retos que debe asumir el pa\u00eds y las medidas a tomar como ciudadanos para no repetir estos tr\u00e1gicos episodios.<\/p>\n","protected":false},"author":6,"featured_media":4374,"comment_status":"open","ping_status":"open","sticky":false,"template":"","format":"standard","meta":{"footnotes":""},"categories":[127,50],"tags":[79,132,78],"_links":{"self":[{"href":"https:\/\/informaccion.com\/nuevaweb\/wp-json\/wp\/v2\/posts\/4370"}],"collection":[{"href":"https:\/\/informaccion.com\/nuevaweb\/wp-json\/wp\/v2\/posts"}],"about":[{"href":"https:\/\/informaccion.com\/nuevaweb\/wp-json\/wp\/v2\/types\/post"}],"author":[{"embeddable":true,"href":"https:\/\/informaccion.com\/nuevaweb\/wp-json\/wp\/v2\/users\/6"}],"replies":[{"embeddable":true,"href":"https:\/\/informaccion.com\/nuevaweb\/wp-json\/wp\/v2\/comments?post=4370"}],"version-history":[{"count":3,"href":"https:\/\/informaccion.com\/nuevaweb\/wp-json\/wp\/v2\/posts\/4370\/revisions"}],"predecessor-version":[{"id":4373,"href":"https:\/\/informaccion.com\/nuevaweb\/wp-json\/wp\/v2\/posts\/4370\/revisions\/4373"}],"wp:featuredmedia":[{"embeddable":true,"href":"https:\/\/informaccion.com\/nuevaweb\/wp-json\/wp\/v2\/media\/4374"}],"wp:attachment":[{"href":"https:\/\/informaccion.com\/nuevaweb\/wp-json\/wp\/v2\/media?parent=4370"}],"wp:term":[{"taxonomy":"category","embeddable":true,"href":"https:\/\/informaccion.com\/nuevaweb\/wp-json\/wp\/v2\/categories?post=4370"},{"taxonomy":"post_tag","embeddable":true,"href":"https:\/\/informaccion.com\/nuevaweb\/wp-json\/wp\/v2\/tags?post=4370"}],"curies":[{"name":"wp","href":"https:\/\/api.w.org\/{rel}","templated":true}]}}