{"id":4336,"date":"2017-12-21T11:00:27","date_gmt":"2017-12-21T11:00:27","guid":{"rendered":"https:\/\/informaccion.com\/nuevaweb\/adelante-senor-alcalde\/"},"modified":"2017-12-21T16:27:34","modified_gmt":"2017-12-21T16:27:34","slug":"educacion-gore-ica","status":"publish","type":"post","link":"https:\/\/informaccion.com\/nuevaweb\/educacion-gore-ica\/","title":{"rendered":"Educaci\u00f3n\u2026 m\u00e1s all\u00e1 de nuestras escuelas"},"content":{"rendered":"<p>[vc_row][vc_column][vc_column_text css=\u00bb.vc_custom_1492013742148{padding-top: 1px !important;padding-right: 40px !important;padding-bottom: 40px !important;padding-left: 40px !important;}\u00bb]<\/p>\n<p><img loading=\"lazy\" decoding=\"async\" class=\"aligncenter wp-image-3609\" src=\"https:\/\/informaccion.com\/nuevaweb\/wp-content\/uploads\/2017\/04\/fcillonizFINAL-1024x266.png\" alt=\"biograf\u00eda de fernando cilloniz, gobernador regional de ica\" width=\"725\" height=\"188\" srcset=\"https:\/\/informaccion.com\/nuevaweb\/wp-content\/uploads\/2017\/04\/fcillonizFINAL-1024x266.png 1024w, https:\/\/informaccion.com\/nuevaweb\/wp-content\/uploads\/2017\/04\/fcillonizFINAL-300x78.png 300w, https:\/\/informaccion.com\/nuevaweb\/wp-content\/uploads\/2017\/04\/fcillonizFINAL-768x200.png 768w, https:\/\/informaccion.com\/nuevaweb\/wp-content\/uploads\/2017\/04\/fcillonizFINAL-260x68.png 260w, https:\/\/informaccion.com\/nuevaweb\/wp-content\/uploads\/2017\/04\/fcillonizFINAL-50x13.png 50w, https:\/\/informaccion.com\/nuevaweb\/wp-content\/uploads\/2017\/04\/fcillonizFINAL-150x39.png 150w, https:\/\/informaccion.com\/nuevaweb\/wp-content\/uploads\/2017\/04\/fcillonizFINAL.png 1347w\" sizes=\"(max-width: 725px) 100vw, 725px\" \/><\/p>\n<p>El hogar \u2013 est\u00e1 demostrado \u2013 incide mucho m\u00e1s que la escuela en la educaci\u00f3n de los ni\u00f1os. Los maestros complementan la educaci\u00f3n que imparten \u2013 de manera fundamental \u2013 los padres y familiares.<\/p>\n<p>Algo parecido sucede con los programas educativos no escolarizados. Por ejemplo, todo lo que se hace fuera de las escuelas como el deporte y el atletismo, la cultura y el arte, y la ciencia y la tecnolog\u00eda. A ese respecto, nuestra Direcci\u00f3n Regional de Educaci\u00f3n \u2013 liderada por la Lic. Mar\u00eda Victoria Madrid Mendoza \u2013 est\u00e1 haciendo un gran trabajo. Veamos.<\/p>\n<p>En convenio con Empresarios por la Educaci\u00f3n, los docentes y directores de nuestras escuelas reciben \u2013 sistem\u00e1ticamente \u2013 capacitaci\u00f3n a trav\u00e9s del programa APRENDER PARA CRECER.<\/p>\n<p>La educaci\u00f3n itinerante es una hermosa realidad en nuestra regi\u00f3n. ACAD\u00c9MICA es un bus dotado de los equipos m\u00e1s modernos en cuanto a tecnolog\u00eda digital, donde se imparte educaci\u00f3n de avanzada en matem\u00e1ticas y comunicaciones para ni\u00f1os de primaria.<\/p>\n<p>La BIBLIOTECA RODANTE recorre toda la regi\u00f3n portando libros y materiales para promover el h\u00e1bito de la buena lectura\u2026 a todo nivel. El bus itinerante FAMILIAS PR\u00d3SPERAS hace lo mismo desparramando valores morales entre los padres de familia. Y el ESCARABAJO VOCACIONAL \u2013 un cl\u00e1sico Volkswagen \u2013 brinda orientaci\u00f3n a miles de j\u00f3venes de 4\u00ba y 5\u00ba de secundaria respecto a los oficios y profesiones que les depara el futuro.<\/p>\n<p>En el Hospital del Socorro \u2013 gracias a Fundaci\u00f3n Telef\u00f3nica \u2013 tenemos un AULA HOSPITALARIA\u2026 \u00a1High Tech! All\u00ed los estudiantes hospitalizados reciben educaci\u00f3n oficial a cargo de docentes acreditados, con lo cual no solo no pierden clases, sino que se curan\u2026 entreteni\u00e9ndose. \u00a1Una maravilla!<\/p>\n<p>Fundaci\u00f3n Telef\u00f3nica tambi\u00e9n nos est\u00e1 apoyando a trav\u00e9s del programa de AULAS DIGITALES. Las escuelas beneficiarias tienen lo mejor de lo mejor en materia de equipamiento y sistemas de educaci\u00f3n digital.<\/p>\n<p>TECNOL\u00d3GICA \u2013 nuestra incubadora de emprendimientos innovadores \u2013 cuenta tambi\u00e9n con el apoyo de Fundaci\u00f3n Telef\u00f3nica \u2013 y del BID \u2013 y las expectativas y entusiasmo de nuestros j\u00f3venes est\u00e1n al tope.<\/p>\n<p>MATEM\u00c1TICAS PARA TODOS del Grupo Apoyo est\u00e1 presente en varias escuelas de Ica. CIENT\u00cdFICA \u2013 nuestro observatorio ecol\u00f3gico rodante \u2013 pronto saldr\u00e1 del taller para echarse a recorrer Ica\u2026 de punta a punta.<\/p>\n<p>La Polic\u00eda Nacional es nuestra gran aliada en el programa BAPES \u2013 Brigadas de Autoprotecci\u00f3n Escolar \u2013 as\u00ed como en CHARLAS donde prevenimos a nuestros j\u00f3venes respecto al consumo de drogas y uso de armas.<\/p>\n<p>Los viejos de Ica han vuelto a nacer con el programa de educaci\u00f3n intergeneracional EL GRAN AMAUTA. Los chicos les ense\u00f1an a los viejos computaci\u00f3n\u2026 y cosas por el estilo. Y los viejos les cuentan cuentos a los chicos, y les ense\u00f1an todos sus saberes y experiencias. \u00a1Otra maravilla!<\/p>\n<p>El COAR ICA (Colegio de Alto Rendimiento) es un \u00e9xito del Ministerio de Educaci\u00f3n. Sin duda, el colapso moral que estamos viviendo los peruanos actualmente va a ser corregido \u2013 en gran medida \u2013 por esas camadas de j\u00f3venes brillantes formados en los COAR\u00b4s dispersos por todo el pa\u00eds.<\/p>\n<p>El Instituto Cultural Peruano Norteamericano \u2013 ICPNA \u2013 ya est\u00e1 en Ica y Chincha. \u00a1Cu\u00e1nto tiempo d\u00e1ndole la espalda al idioma Ingl\u00e9s! Pues bien, como no hay mal que dure cien a\u00f1os\u2026 cada vez m\u00e1s ique\u00f1os \u2013 de todas las edades \u2013 \u201care speaking english very well\u201d.<\/p>\n<p>En el deporte escolar, aparte de los incentivos a nuestros campeones nacionales, estamos muy comprometidos (1) con el atletismo \u2013 gracias al apoyo del Instituto Peruano del Deporte \u2013 a trav\u00e9s del programa EN BUSCA DE LA BALA CHINCHANA, (2) con el Tenis de Mesa a trav\u00e9s de la Fundaci\u00f3n M\u00f3nica Liyau, y (3) con el f\u00fatbol Sub 14 y Sub 16 conjuntamente con la Federaci\u00f3n Peruana de F\u00fatbol.<\/p>\n<p>SINF\u00d3NICA \u2013 nuestro estupendo coro de ni\u00f1os \u2013 bajo la batuta de Sinfon\u00eda por el Per\u00fa de Juan Diego Fl\u00f3rez, y con el apoyo generoso de la CAF y de los empresarios locales\u2026 es el m\u00e1ximo deleite de los ique\u00f1os.<\/p>\n<p>He ah\u00ed un recuento de todo lo que estamos haciendo \u2013 fuera de nuestras escuelas \u2013 para formar mejor a nuestros ni\u00f1os y j\u00f3venes. \u00a1Oh, educaci\u00f3n! \u00a1Cu\u00e1nto blablabl\u00e1 se vocifera en tu nombre! Felizmente, en el Gobierno Regional de Ica\u2026 ese no es el caso.<\/p>\n<p><em>Fuente: Correo ICA\u00a0<\/em><\/p>\n<p><em>*NOTA:\u00a0<a href=\"http:\/\/www.informaccion.com\"><strong>inform<\/strong><strong>@<\/strong><strong>cci\u00f3n<\/strong><\/a> vela por el derecho a la libertad de expresi\u00f3n de cada uno de los columnistas y usuarios en este espacio web. En ambos casos, los columnistas y usuarios son los \u00fanicos responsables frente a terceros o cualquier persona en general por los da\u00f1os o perjuicios que el contenido de sus opiniones y comentarios a t\u00edtulo personal puedan causar.<\/em><\/p>\n<p><a href=\"http:\/\/bit.ly\/2h8ihe2\" target=\"_blank\" rel=\"noopener noreferrer\"><img loading=\"lazy\" decoding=\"async\" class=\"aligncenter wp-image-3686 size-large\" src=\"https:\/\/informaccion.com\/nuevaweb\/wp-content\/uploads\/2017\/08\/libroexportando-web-1200x300-1024x256.png\" alt=\"libro exportando de datos de agricultura\" width=\"1200\" height=\"300\" srcset=\"https:\/\/informaccion.com\/nuevaweb\/wp-content\/uploads\/2017\/08\/libroexportando-web-1200x300-1024x256.png 1024w, https:\/\/informaccion.com\/nuevaweb\/wp-content\/uploads\/2017\/08\/libroexportando-web-1200x300-300x75.png 300w, https:\/\/informaccion.com\/nuevaweb\/wp-content\/uploads\/2017\/08\/libroexportando-web-1200x300-768x192.png 768w, https:\/\/informaccion.com\/nuevaweb\/wp-content\/uploads\/2017\/08\/libroexportando-web-1200x300-260x65.png 260w, https:\/\/informaccion.com\/nuevaweb\/wp-content\/uploads\/2017\/08\/libroexportando-web-1200x300-50x13.png 50w, https:\/\/informaccion.com\/nuevaweb\/wp-content\/uploads\/2017\/08\/libroexportando-web-1200x300-150x38.png 150w, https:\/\/informaccion.com\/nuevaweb\/wp-content\/uploads\/2017\/08\/libroexportando-web-1200x300.png 1200w\" sizes=\"(max-width: 1200px) 100vw, 1200px\" \/> <\/a><\/p>\n<p style=\"text-align: justify;\"><div class=\"share_wrapper share_item\"><span class=\"st_facebook_vcount\" displayText=\"Facebook\"><\/span><span class=\"st_twitter_vcount\" displayText=\"Tweet\"><\/span><span class=\"st_pinterest_vcount\" displayText=\"Pinterest\"><\/span><script src=\"https:\/\/ws.sharethis.com\/button\/buttons.js\"><\/script><script>stLight.options({publisher: \"1390eb48-c3c3-409a-903a-ca202d50de91\", doNotHash: false, doNotCopy: false, hashAddressBar: false});<\/script><\/div>\n<p style=\"text-align: justify;\">[\/vc_column_text][\/vc_column][\/vc_row]<\/p>\n<p><\/script><\/p>\n","protected":false},"excerpt":{"rendered":"<p>El Fen\u00f3meno del Ni\u00f1o Costero que enfrent\u00f3 Per\u00fa a inicios del 2017 dej\u00f3 interrogantes sobre los retos que debe asumir el pa\u00eds y las medidas a tomar como ciudadanos para no repetir estos tr\u00e1gicos episodios.<\/p>\n","protected":false},"author":6,"featured_media":4340,"comment_status":"open","ping_status":"open","sticky":false,"template":"","format":"standard","meta":{"footnotes":""},"categories":[127,50],"tags":[79,104,132,78],"_links":{"self":[{"href":"https:\/\/informaccion.com\/nuevaweb\/wp-json\/wp\/v2\/posts\/4336"}],"collection":[{"href":"https:\/\/informaccion.com\/nuevaweb\/wp-json\/wp\/v2\/posts"}],"about":[{"href":"https:\/\/informaccion.com\/nuevaweb\/wp-json\/wp\/v2\/types\/post"}],"author":[{"embeddable":true,"href":"https:\/\/informaccion.com\/nuevaweb\/wp-json\/wp\/v2\/users\/6"}],"replies":[{"embeddable":true,"href":"https:\/\/informaccion.com\/nuevaweb\/wp-json\/wp\/v2\/comments?post=4336"}],"version-history":[{"count":3,"href":"https:\/\/informaccion.com\/nuevaweb\/wp-json\/wp\/v2\/posts\/4336\/revisions"}],"predecessor-version":[{"id":4339,"href":"https:\/\/informaccion.com\/nuevaweb\/wp-json\/wp\/v2\/posts\/4336\/revisions\/4339"}],"wp:featuredmedia":[{"embeddable":true,"href":"https:\/\/informaccion.com\/nuevaweb\/wp-json\/wp\/v2\/media\/4340"}],"wp:attachment":[{"href":"https:\/\/informaccion.com\/nuevaweb\/wp-json\/wp\/v2\/media?parent=4336"}],"wp:term":[{"taxonomy":"category","embeddable":true,"href":"https:\/\/informaccion.com\/nuevaweb\/wp-json\/wp\/v2\/categories?post=4336"},{"taxonomy":"post_tag","embeddable":true,"href":"https:\/\/informaccion.com\/nuevaweb\/wp-json\/wp\/v2\/tags?post=4336"}],"curies":[{"name":"wp","href":"https:\/\/api.w.org\/{rel}","templated":true}]}}