{"id":4307,"date":"2017-10-27T02:00:27","date_gmt":"2017-10-27T02:00:27","guid":{"rendered":"https:\/\/informaccion.com\/nuevaweb\/boletin-de-uva-de-mesa-n-3\/"},"modified":"2017-11-16T16:49:29","modified_gmt":"2017-11-16T16:49:29","slug":"boletin-uva-de-mesa-octubre-2017-3-2","status":"publish","type":"post","link":"https:\/\/informaccion.com\/nuevaweb\/boletin-uva-de-mesa-octubre-2017-3-2\/","title":{"rendered":"Bolet\u00edn de Uva de Mesa N\u00b0 3"},"content":{"rendered":"<p>[vc_row][vc_column][vc_column_text css=\u00bb.vc_custom_1492013742148{padding-top: 1px !important;padding-right: 40px !important;padding-bottom: 40px !important;padding-left: 40px !important;}\u00bb]<\/p>\n<div>\n<p style=\"text-align: center;\"><em><strong>\u00a0\u00daLTIMO BOLET\u00cdN DE ACCESO LIBRE &#8211; Solicita tarifas de suscripci\u00f3n <a href=\"http:\/\/bit.ly\/Tespa\u00f1ol\">aqu\u00ed<\/a><\/strong><\/em><\/p>\n<p style=\"text-align: center;\"><em><strong>Campa\u00f1a 2017- 2018 (Semana 43)<\/strong><\/em><\/p>\n<p>La semana pasada se llev\u00f3 a cabo una nueva edici\u00f3n del Fresh Summit Convention + Expo organizado por el <strong>Produce Marketing Association<\/strong>, m\u00e1s conocido en el argot de frutas y hortalizas como \u201cEL PMA\u201d. El evento se llev\u00f3 a cabo en la ciudad de Nueva Orleans desde el jueves 19 al s\u00e1bado 21 de octubre. El PMA es sin dudas, una de las ferias m\u00e1s importantes a nivel mundial en lo referido a negocios alimentarios, y posee un especial \u00e9nfasis en los productos frescos. Se trata de un evento realmente masivo y son pocas las ciudades de E.E.U.U. que tienen la infraestructura para acogerlo. Se estima que cerca de 20 mil personas asisten a este evento. El \u201ctimming\u201d &#8211; siempre entre la segunda y tercera semana de octubre &#8211; es ideal para los negocios que realiza el sector horto-frut\u00edcola de Per\u00fa, no solo con E.E.U.U., sino con todo el mundo. Es sin duda alguna, el modelo que nuestro <strong>SIAGRO<\/strong> persigue para Per\u00fa: una feria donde se comparten temas t\u00e9cnicos, comerciales, log\u00edsticos y hasta diplom\u00e1ticos. Es una fecha clave en la negociaci\u00f3n de la temporada de uvas peruana as\u00ed que vamos a hacer algunos comentarios al respecto.<\/p>\n<p><img loading=\"lazy\" decoding=\"async\" class=\"aligncenter wp-image-4173 size-full\" src=\"https:\/\/informaccion.com\/nuevaweb\/wp-content\/uploads\/2017\/10\/STOCKS.jpg\" alt=\"Stock de Uva en la Costa Oeste en USA (en cajas)\" width=\"750\" height=\"426\" srcset=\"https:\/\/informaccion.com\/nuevaweb\/wp-content\/uploads\/2017\/10\/STOCKS.jpg 750w, https:\/\/informaccion.com\/nuevaweb\/wp-content\/uploads\/2017\/10\/STOCKS-300x170.jpg 300w, https:\/\/informaccion.com\/nuevaweb\/wp-content\/uploads\/2017\/10\/STOCKS-257x146.jpg 257w, https:\/\/informaccion.com\/nuevaweb\/wp-content\/uploads\/2017\/10\/STOCKS-50x28.jpg 50w, https:\/\/informaccion.com\/nuevaweb\/wp-content\/uploads\/2017\/10\/STOCKS-132x75.jpg 132w\" sizes=\"(max-width: 750px) 100vw, 750px\" \/><\/p>\n<p>C\u00f3mo ya lo hemos mencionado en los boletines anteriores, la <strong>zona norte<\/strong> del Per\u00fa tendr\u00e1 una reducci\u00f3n importante en sus vol\u00famenes y eso viene generando mucha expectativa entre los productores peruanos. Muchos esperan que esa reducci\u00f3n, junto con un, eventual, dif\u00edcil final en el hemisferio norte, lleven los precios a niveles muy altos. No es nuestra intenci\u00f3n ser aguafiestas, pero debemos recordar que en el PMA del a\u00f1o pasado se ten\u00eda esta misma sensaci\u00f3n y los resultados estuvieron muy lejos de lo esperado. S\u00ed es cierto que el adelanto de la pasada temporada chilena est\u00e1 casi descartado por lo que es muy poco probable que se repita aquella tormenta perfecta.<\/p>\n<p style=\"text-align: justify;\">\n<\/div>\n<div>\n<h3>Lee el bolet\u00edn de uva de mesa completo, aqu\u00ed:<\/h3>\n<p style=\"text-align: center;\"><a href=\"https:\/\/informaccion.com\/newsletters\/boletin-n3-es.pdf\" target=\"_blank\" rel=\"noopener noreferrer\">versi\u00f3n en espa\u00f1ol<\/a><\/p>\n<p><a href=\"https:\/\/informaccion.com\/newsletters\/boletin-n3-es.pdf\"><img loading=\"lazy\" decoding=\"async\" class=\"aligncenter wp-image-4174 size-medium\" src=\"https:\/\/informaccion.com\/nuevaweb\/wp-content\/uploads\/2017\/10\/boletin3-300x245.jpg\" alt=\"boletin de uva de mesa siagro\" width=\"300\" height=\"245\" srcset=\"https:\/\/informaccion.com\/nuevaweb\/wp-content\/uploads\/2017\/10\/boletin3-300x245.jpg 300w, https:\/\/informaccion.com\/nuevaweb\/wp-content\/uploads\/2017\/10\/boletin3-768x628.jpg 768w, https:\/\/informaccion.com\/nuevaweb\/wp-content\/uploads\/2017\/10\/boletin3-179x146.jpg 179w, https:\/\/informaccion.com\/nuevaweb\/wp-content\/uploads\/2017\/10\/boletin3-50x41.jpg 50w, https:\/\/informaccion.com\/nuevaweb\/wp-content\/uploads\/2017\/10\/boletin3-92x75.jpg 92w, https:\/\/informaccion.com\/nuevaweb\/wp-content\/uploads\/2017\/10\/boletin3.jpg 796w\" sizes=\"(max-width: 300px) 100vw, 300px\" \/><\/a><\/p>\n<p style=\"text-align: center;\"><a href=\"https:\/\/informaccion.com\/newsletters\/boletin-n3-en.pdf\">english version<\/a><\/p>\n<\/div>\n<p><a href=\"https:\/\/informaccion.com\/newsletters\/boletin-n3-en.pdf\" target=\"_blank\" rel=\"noopener noreferrer\"><img loading=\"lazy\" decoding=\"async\" class=\"aligncenter wp-image-4177 size-medium\" src=\"https:\/\/informaccion.com\/nuevaweb\/wp-content\/uploads\/2017\/10\/encc-300x220.jpg\" alt=\"table grape newsletter uva de mesa\" width=\"300\" height=\"220\" srcset=\"https:\/\/informaccion.com\/nuevaweb\/wp-content\/uploads\/2017\/10\/encc-300x220.jpg 300w, https:\/\/informaccion.com\/nuevaweb\/wp-content\/uploads\/2017\/10\/encc-768x564.jpg 768w, https:\/\/informaccion.com\/nuevaweb\/wp-content\/uploads\/2017\/10\/encc-199x146.jpg 199w, https:\/\/informaccion.com\/nuevaweb\/wp-content\/uploads\/2017\/10\/encc-50x37.jpg 50w, https:\/\/informaccion.com\/nuevaweb\/wp-content\/uploads\/2017\/10\/encc-102x75.jpg 102w, https:\/\/informaccion.com\/nuevaweb\/wp-content\/uploads\/2017\/10\/encc.jpg 792w\" sizes=\"(max-width: 300px) 100vw, 300px\" \/><\/a><\/p>\n<p><a href=\"http:\/\/bit.ly\/2h8ihe2\" target=\"_blank\" rel=\"noopener noreferrer\"><br \/>\n<img loading=\"lazy\" decoding=\"async\" class=\"aligncenter wp-image-3686 size-large\" src=\"https:\/\/informaccion.com\/nuevaweb\/wp-content\/uploads\/2017\/08\/libroexportando-web-1200x300-1024x256.png\" alt=\"libro exportando de datos de agricultura\" width=\"1024\" height=\"256\" srcset=\"https:\/\/informaccion.com\/nuevaweb\/wp-content\/uploads\/2017\/08\/libroexportando-web-1200x300-1024x256.png 1024w, https:\/\/informaccion.com\/nuevaweb\/wp-content\/uploads\/2017\/08\/libroexportando-web-1200x300-300x75.png 300w, https:\/\/informaccion.com\/nuevaweb\/wp-content\/uploads\/2017\/08\/libroexportando-web-1200x300-768x192.png 768w, https:\/\/informaccion.com\/nuevaweb\/wp-content\/uploads\/2017\/08\/libroexportando-web-1200x300-260x65.png 260w, https:\/\/informaccion.com\/nuevaweb\/wp-content\/uploads\/2017\/08\/libroexportando-web-1200x300-50x13.png 50w, https:\/\/informaccion.com\/nuevaweb\/wp-content\/uploads\/2017\/08\/libroexportando-web-1200x300-150x38.png 150w, https:\/\/informaccion.com\/nuevaweb\/wp-content\/uploads\/2017\/08\/libroexportando-web-1200x300.png 1200w\" sizes=\"(max-width: 1024px) 100vw, 1024px\" \/> <\/a><\/p>\n<div class=\"share_wrapper share_item\"><span class=\"st_facebook_vcount\" displayText=\"Facebook\"><\/span><span class=\"st_twitter_vcount\" displayText=\"Tweet\"><\/span><span class=\"st_pinterest_vcount\" displayText=\"Pinterest\"><\/span><script src=\"https:\/\/ws.sharethis.com\/button\/buttons.js\"><\/script><script>stLight.options({publisher: \"1390eb48-c3c3-409a-903a-ca202d50de91\", doNotHash: false, doNotCopy: false, hashAddressBar: false});<\/script><\/div>\n<p style=\"text-align: justify;\">[\/vc_column_text][\/vc_column][\/vc_row]<\/p>\n<p><\/script><\/p>\n","protected":false},"excerpt":{"rendered":"<p>El Fen\u00f3meno del Ni\u00f1o Costero que enfrent\u00f3 Per\u00fa a inicios del 2017 dej\u00f3 interrogantes sobre los retos que debe asumir el pa\u00eds y las medidas a tomar como ciudadanos para no repetir estos tr\u00e1gicos episodios.<\/p>\n","protected":false},"author":6,"featured_media":4175,"comment_status":"open","ping_status":"open","sticky":false,"template":"","format":"standard","meta":{"footnotes":""},"categories":[1,50,2,23],"tags":[117,55],"_links":{"self":[{"href":"https:\/\/informaccion.com\/nuevaweb\/wp-json\/wp\/v2\/posts\/4307"}],"collection":[{"href":"https:\/\/informaccion.com\/nuevaweb\/wp-json\/wp\/v2\/posts"}],"about":[{"href":"https:\/\/informaccion.com\/nuevaweb\/wp-json\/wp\/v2\/types\/post"}],"author":[{"embeddable":true,"href":"https:\/\/informaccion.com\/nuevaweb\/wp-json\/wp\/v2\/users\/6"}],"replies":[{"embeddable":true,"href":"https:\/\/informaccion.com\/nuevaweb\/wp-json\/wp\/v2\/comments?post=4307"}],"version-history":[{"count":1,"href":"https:\/\/informaccion.com\/nuevaweb\/wp-json\/wp\/v2\/posts\/4307\/revisions"}],"predecessor-version":[{"id":4308,"href":"https:\/\/informaccion.com\/nuevaweb\/wp-json\/wp\/v2\/posts\/4307\/revisions\/4308"}],"wp:featuredmedia":[{"embeddable":true,"href":"https:\/\/informaccion.com\/nuevaweb\/wp-json\/wp\/v2\/media\/4175"}],"wp:attachment":[{"href":"https:\/\/informaccion.com\/nuevaweb\/wp-json\/wp\/v2\/media?parent=4307"}],"wp:term":[{"taxonomy":"category","embeddable":true,"href":"https:\/\/informaccion.com\/nuevaweb\/wp-json\/wp\/v2\/categories?post=4307"},{"taxonomy":"post_tag","embeddable":true,"href":"https:\/\/informaccion.com\/nuevaweb\/wp-json\/wp\/v2\/tags?post=4307"}],"curies":[{"name":"wp","href":"https:\/\/api.w.org\/{rel}","templated":true}]}}