{"id":4278,"date":"2017-11-09T11:20:27","date_gmt":"2017-11-09T11:20:27","guid":{"rendered":"https:\/\/informaccion.com\/nuevaweb\/mandarinas-peruanas-ingresan-al-mercado-de-indonesia\/"},"modified":"2017-11-09T16:19:25","modified_gmt":"2017-11-09T16:19:25","slug":"granada-crecimiento-peru","status":"publish","type":"post","link":"https:\/\/informaccion.com\/nuevaweb\/granada-crecimiento-peru\/","title":{"rendered":"Sierra y Selva Exportadora: Exportaciones de granada en franco crecimiento"},"content":{"rendered":"<p>[vc_row][vc_column][vc_column_text css=\u00bb.vc_custom_1492013742148{padding-top: 1px !important;padding-right: 40px !important;padding-bottom: 40px !important;padding-left: 40px !important;}\u00bb]<\/p>\n<p style=\"text-align: center;\"><em><strong>\u00a0<\/strong><strong>Env\u00edos crecieron 50.75% a setiembre de este a\u00f1o<\/strong><\/em><\/p>\n<p style=\"text-align: justify;\">Sierra y Selva Exportadora inform\u00f3 que las exportaciones nacionales de granada a setiembre del presente a\u00f1o ya han superado en 50.75% a los env\u00edos totales de esta fruta que se produjo durante el a\u00f1o 2016.<\/p>\n<p>De acuerdo a las cifras de Agrodata Per\u00fa, los env\u00edos nacionales de la tambi\u00e9n llamada \u201cRub\u00ed de las frutas\u201d sumaron 60,722,488 millones de d\u00f3lares al tercer trimestre de 2017; mientras que el a\u00f1o pasado, las exportaciones totales de granada ascendieron a 40,279,391 millones de d\u00f3lares.<\/p>\n<h3>Superfrutas<\/h3>\n<p>Es preciso indicar que las expectativas de crecimiento de las exportaciones de granada se basan en la creciente demanda por las \u201cS\u00faperfrutas\u201d, es decir aquellas frutas que poseen caracter\u00edsticas m\u00e1s all\u00e1 de los nutrientes b\u00e1sicos, y la tendencia hacia el consumo de productos elaborados a base de ingredientes naturales.<\/p>\n<p>La entidad adscrita al Ministerio de Agricultura y Riego indic\u00f3 que, seg\u00fan la fuente consultada, el grueso de las exportaciones de granada peruana va rumbo al mercado de Europa, siendo Holanda su principal mercado con el 43% de participaci\u00f3n. En tanto con el 15% y el 10% aparecen Rusia y Reino Unido en segundo y tercer lugar, respectivamente.<\/p>\n<p>El 32% restante del mercado se divide entre los Estados Unidos (7%), Canad\u00e1 (4%), B\u00e9lgica (4%), Emiratos \u00c1rabes Unidos (3%), Arabia Saudita (3%), Hong Kong (3%) y otros pa\u00edses que suman el 8 por ciento.<\/p>\n<h3>Rentabilidad<\/h3>\n<p>Al respecto, el presidente ejecutivo de Sierra y Selva Exportadora, Alfonso Vel\u00e1squez Tuesta, manifest\u00f3 que su entidad, en el marco del Programa Nacional de Frutales, est\u00e1 en b\u00fasqueda de implementar \u00e1reas con nuevos productos de agroexportaci\u00f3n y de alta rentabilidad; esto con la finalidad de que los peque\u00f1os productores rurales del pa\u00eds apuesten por la innovaci\u00f3n de sus cultivos.<\/p>\n<p>En ese sentido, afirm\u00f3, que a partir del 2018 se impulsar\u00e1 con mayor fuerza el cultivo del granado en las regiones que re\u00fanan las condiciones agroclim\u00e1ticas para el mismo.<\/p>\n<p>\u201cGeneralmente, el granado se adapta muy bien a las condiciones clim\u00e1ticas del Per\u00fa, se siembra prevalentemente en suelos arenosos, y tiene alta resistencia a la sal, \u00e9sta es una de las grandes ventajas que tiene este cultivo\u201d, mencion\u00f3 Vel\u00e1squez.<\/p>\n<p>La granada es una fruta con un alto poder antioxidante, rica en vitaminas, que posee m\u00faltiples beneficios medicinales. \u201cEl mercado internacional consume cada vez m\u00e1s jugos y bebidas naturales que incorporan esta fruta (la granada), siendo tambi\u00e9n altamente demandada por la industria de alimentos, farmac\u00e9utica y de cosm\u00e9ticos por su alto contenido de antioxidantes\u201d, concluy\u00f3 el funcionario.<\/p>\n<p>Fuente: <a href=\"http:\/\/www.andina.com.pe\/agencia\/noticia-sierra-y-selva-exportadora-exportaciones-granada-franco-crecimiento-688607.aspx\">Andina<\/a>\u00a0\/ 04-11-17<\/p>\n<p><a href=\"http:\/\/bit.ly\/2h8ihe2\" target=\"_blank\" rel=\"noopener noreferrer\"><br \/>\n<img loading=\"lazy\" decoding=\"async\" class=\"aligncenter wp-image-3686 size-large\" src=\"https:\/\/informaccion.com\/nuevaweb\/wp-content\/uploads\/2017\/08\/libroexportando-web-1200x300-1024x256.png\" alt=\"libro exportando de datos de agricultura\" width=\"1024\" height=\"256\" srcset=\"https:\/\/informaccion.com\/nuevaweb\/wp-content\/uploads\/2017\/08\/libroexportando-web-1200x300-1024x256.png 1024w, https:\/\/informaccion.com\/nuevaweb\/wp-content\/uploads\/2017\/08\/libroexportando-web-1200x300-300x75.png 300w, https:\/\/informaccion.com\/nuevaweb\/wp-content\/uploads\/2017\/08\/libroexportando-web-1200x300-768x192.png 768w, https:\/\/informaccion.com\/nuevaweb\/wp-content\/uploads\/2017\/08\/libroexportando-web-1200x300-260x65.png 260w, https:\/\/informaccion.com\/nuevaweb\/wp-content\/uploads\/2017\/08\/libroexportando-web-1200x300-50x13.png 50w, https:\/\/informaccion.com\/nuevaweb\/wp-content\/uploads\/2017\/08\/libroexportando-web-1200x300-150x38.png 150w, https:\/\/informaccion.com\/nuevaweb\/wp-content\/uploads\/2017\/08\/libroexportando-web-1200x300.png 1200w\" sizes=\"(max-width: 1024px) 100vw, 1024px\" \/> <\/a><\/p>\n<div class=\"share_wrapper share_item\"><span class=\"st_facebook_vcount\" displayText=\"Facebook\"><\/span><span class=\"st_twitter_vcount\" displayText=\"Tweet\"><\/span><span class=\"st_pinterest_vcount\" displayText=\"Pinterest\"><\/span><script src=\"https:\/\/ws.sharethis.com\/button\/buttons.js\"><\/script><script>stLight.options({publisher: \"1390eb48-c3c3-409a-903a-ca202d50de91\", doNotHash: false, doNotCopy: false, hashAddressBar: false});<\/script><\/div>\n<p style=\"text-align: justify;\">[\/vc_column_text][\/vc_column][\/vc_row]<\/p>\n<p><\/script><\/p>\n","protected":false},"excerpt":{"rendered":"<p>El Fen\u00f3meno del Ni\u00f1o Costero que enfrent\u00f3 Per\u00fa a inicios del 2017 dej\u00f3 interrogantes sobre los retos que debe asumir el pa\u00eds y las medidas a tomar como ciudadanos para no repetir estos tr\u00e1gicos episodios.<\/p>\n","protected":false},"author":6,"featured_media":4282,"comment_status":"open","ping_status":"open","sticky":false,"template":"","format":"standard","meta":{"footnotes":""},"categories":[1,50,23],"tags":[89,143,96,145,146],"_links":{"self":[{"href":"https:\/\/informaccion.com\/nuevaweb\/wp-json\/wp\/v2\/posts\/4278"}],"collection":[{"href":"https:\/\/informaccion.com\/nuevaweb\/wp-json\/wp\/v2\/posts"}],"about":[{"href":"https:\/\/informaccion.com\/nuevaweb\/wp-json\/wp\/v2\/types\/post"}],"author":[{"embeddable":true,"href":"https:\/\/informaccion.com\/nuevaweb\/wp-json\/wp\/v2\/users\/6"}],"replies":[{"embeddable":true,"href":"https:\/\/informaccion.com\/nuevaweb\/wp-json\/wp\/v2\/comments?post=4278"}],"version-history":[{"count":3,"href":"https:\/\/informaccion.com\/nuevaweb\/wp-json\/wp\/v2\/posts\/4278\/revisions"}],"predecessor-version":[{"id":4281,"href":"https:\/\/informaccion.com\/nuevaweb\/wp-json\/wp\/v2\/posts\/4278\/revisions\/4281"}],"wp:featuredmedia":[{"embeddable":true,"href":"https:\/\/informaccion.com\/nuevaweb\/wp-json\/wp\/v2\/media\/4282"}],"wp:attachment":[{"href":"https:\/\/informaccion.com\/nuevaweb\/wp-json\/wp\/v2\/media?parent=4278"}],"wp:term":[{"taxonomy":"category","embeddable":true,"href":"https:\/\/informaccion.com\/nuevaweb\/wp-json\/wp\/v2\/categories?post=4278"},{"taxonomy":"post_tag","embeddable":true,"href":"https:\/\/informaccion.com\/nuevaweb\/wp-json\/wp\/v2\/tags?post=4278"}],"curies":[{"name":"wp","href":"https:\/\/api.w.org\/{rel}","templated":true}]}}