{"id":4101,"date":"2017-10-24T10:51:27","date_gmt":"2017-10-24T10:51:27","guid":{"rendered":"https:\/\/informaccion.com\/nuevaweb\/el-mandamiento-incompleto\/"},"modified":"2017-10-25T16:41:11","modified_gmt":"2017-10-25T16:41:11","slug":"reconstruccion-ica-presupuesto","status":"publish","type":"post","link":"https:\/\/informaccion.com\/nuevaweb\/reconstruccion-ica-presupuesto\/","title":{"rendered":"No hay mal que por bien no venga\u2026 para Ica"},"content":{"rendered":"<p>[vc_row][vc_column][vc_column_text css=\u00bb.vc_custom_1492013742148{padding-top: 1px !important;padding-right: 40px !important;padding-bottom: 40px !important;padding-left: 40px !important;}\u00bb]<\/p>\n<p><img loading=\"lazy\" decoding=\"async\" class=\"aligncenter wp-image-3609\" src=\"https:\/\/informaccion.com\/nuevaweb\/wp-content\/uploads\/2017\/04\/fcillonizFINAL-1024x266.png\" alt=\"biograf\u00eda de fernando cilloniz, gobernador regional de ica\" width=\"725\" height=\"188\" srcset=\"https:\/\/informaccion.com\/nuevaweb\/wp-content\/uploads\/2017\/04\/fcillonizFINAL-1024x266.png 1024w, https:\/\/informaccion.com\/nuevaweb\/wp-content\/uploads\/2017\/04\/fcillonizFINAL-300x78.png 300w, https:\/\/informaccion.com\/nuevaweb\/wp-content\/uploads\/2017\/04\/fcillonizFINAL-768x200.png 768w, https:\/\/informaccion.com\/nuevaweb\/wp-content\/uploads\/2017\/04\/fcillonizFINAL-260x68.png 260w, https:\/\/informaccion.com\/nuevaweb\/wp-content\/uploads\/2017\/04\/fcillonizFINAL-50x13.png 50w, https:\/\/informaccion.com\/nuevaweb\/wp-content\/uploads\/2017\/04\/fcillonizFINAL-150x39.png 150w, https:\/\/informaccion.com\/nuevaweb\/wp-content\/uploads\/2017\/04\/fcillonizFINAL.png 1347w\" sizes=\"(max-width: 725px) 100vw, 725px\" \/><\/p>\n<p style=\"text-align: justify;\">Durante los pr\u00f3ximos 3 a\u00f1os, nuestra regi\u00f3n recibir\u00e1 m\u00e1s de S\/. 700 millones para reconstruir \u2013 y mejorar \u2013 la infraestructura da\u00f1ada por las inundaciones y huaycos ocurridos el verano pasado. Un mundo de plata. \u00a1C\u00f3mo no va a ser un mundo de plata si el presupuesto del Gobierno Regional \u2013 para inversiones \u2013 es de apenas S\/. 60 millones anuales! O sea, menos de la d\u00e9cima parte de lo que vamos a recibir del Plan de Reconstrucci\u00f3n con Cambios.<\/p>\n<p>Recordemos \u201cel mal\u201d del verano pasado\u2026 <a href=\"https:\/\/informaccion.com\/nuevaweb\/reflexiones-nino-costero-2017\/\">El Ni\u00f1o Costero<\/a> que se manifest\u00f3 en forma de lluvias intensas en nuestras zonas bajas. Un hecho poco frecuente aqu\u00ed en Ica. Efectivamente, la costa ique\u00f1a se caracteriza por su aridez. Y nuestra agricultura \u2013 \u00a0y en general, la poblaci\u00f3n \u2013 depende del agua que proviene de la Sierra, donde llueve copiosamente todos los a\u00f1os \u2013 sobre todo \u2013 de enero a marzo.<\/p>\n<p>Pero no\u2026 este a\u00f1o \u2013 aparte de llover mucho en la Sierra \u2013 llovi\u00f3 tambi\u00e9n en la Costa, tal como ocurri\u00f3 en toda la Costa Central y Norte de nuestro pa\u00eds. Aunque los da\u00f1os en Ica, no tuvieron \u2013 ni remotamente \u2013 la magnitud de los desastres ocurridos en Lima, Ancash, La Libertad, Lambayeque, Piura \u2013 la regi\u00f3n m\u00e1s devastada \u2013 y Tumbes.<\/p>\n<p>Por eso me parecen mezquinos aquellos personajes locales que se quejan de la disparidad en los presupuestos asignados para la reconstrucci\u00f3n de cada regi\u00f3n. Como que Piura recibir\u00e1 S\/. 7,000 millones. O sea, 10 veces m\u00e1s que <a href=\"https:\/\/informaccion.com\/nuevaweb\/ica-es-nuestra-gente\/\">Ica<\/a>.<\/p>\n<p>Visto as\u00ed \u2013 a la ligera y con ego\u00edsmo \u2013 pareciera que los quejosos tienen raz\u00f3n\u2026 pero nada que ver. Las regiones del norte sufrieron da\u00f1os mucho mayores a los nuestros. Por tanto \u2013 como ten\u00eda que ser \u2013 los presupuestos fueron determinados de manera diferenciada\u2026 en funci\u00f3n de la magnitud de los da\u00f1os. M\u00e1s da\u00f1os\u2026 m\u00e1s presupuesto. Menos da\u00f1os\u2026 menos presupuesto.<\/p>\n<p>Lo concreto es que el presupuesto para la reconstrucci\u00f3n de Ica es S\/. 728\u00b4741,663\u2026 para ser exacto. \u00bfQu\u00e9 se va a hacer con tanto dinero? B\u00e1sicamente, se van a reconstruir \u2013 y mejorar \u2013 las carreteras da\u00f1adas, y se van a descolmatar y reforzar nuestros r\u00edos.<\/p>\n<p>\u00bfQui\u00e9nes van a hacer los trabajos? Principalmente, el Gobierno Central \u2013 a trav\u00e9s de los ministerios \u2013 y el Gobierno Regional. Los Municipios tendr\u00e1n poca injerencia en la reconstrucci\u00f3n \u2013 pues muchos no calificaron como unidades ejecutoras \u2013 dado el pobre desempe\u00f1o presupuestal en los a\u00f1os 2015 y 2016. El Gobierno Regional de Ica \u2013 en cambio \u2013 si calific\u00f3 como unidad ejecutora por haber gastado m\u00e1s del 85% de nuestro presupuesto de inversi\u00f3n durante los dos primeros a\u00f1os de nuestra gesti\u00f3n.<\/p>\n<p>Entre par\u00e9ntesis\u2026 \u00bfc\u00f3mo explicar que nuestros detractores \u2013 congresistas, periodistas, consejeros\u2026 y los criticones de siempre \u2013 nos cuestionen por \u2013 supuestamente \u2013 no saber invertir, cuando la Autoridad del Plan de Reconstrucci\u00f3n con Cambios nos califica favorablemente como unidad ejecutora? \u00a1Oh envidia, ra\u00edz de infinitos males y carcoma de virtudes&#8230;! As\u00ed dec\u00eda Don Quijote.<\/p>\n<p>En fin; \u00a1all\u00e1 los envidiosos\u2026 que se retuerzan entre sus rencores y rabias! El hecho es que nuestra regi\u00f3n va a quedar mejor que nunca\u2026 despu\u00e9s de la reconstrucci\u00f3n. Ya empezaron los trabajos de prevenci\u00f3n \u2013 a cargo del Ministerio de Agricultura \u2013 y a partir del a\u00f1o entrante se iniciar\u00e1n los trabajos de reconstrucci\u00f3n \u2013 propiamente dichos \u2013 a cargo del Gobierno Central y el Gobierno Regional.<\/p>\n<p>Repito. Nuestros r\u00edos y quebradas quedar\u00e1n m\u00e1s seguros y sostenibles. El r\u00edo Ica \u2013 por fin \u2013 va a quedar ensanchado y mejor encausado; y los puentes de la ciudad ser\u00e1n reemplazados por unos m\u00e1s largos y mejores. Nuestras carreteras \u2013 sobre todo las de penetraci\u00f3n \u2013 quedar\u00e1n pavimentadas\u2026 como nunca. Parcona tendr\u00e1 un excelente hospital. Las viviendas da\u00f1adas ser\u00e1n reemplazadas y reubicadas con visi\u00f3n de largo plazo y bienestar. Y as\u00ed por el estilo\u2026 nuestra regi\u00f3n quedar\u00e1 renovada.<\/p>\n<p>Estamos \u2013 pues \u2013 ad portas de hacer realidad el optimismo del famoso refr\u00e1n\u2026 no hay mal que por bien no venga. <strong>\u00a1Enhorabuena!<\/strong><\/p>\n<p><em>Fuente: Correo ICA\u00a0<\/em><\/p>\n<p><a href=\"http:\/\/bit.ly\/2h8ihe2\" target=\"_blank\" rel=\"noopener noreferrer\"><img loading=\"lazy\" decoding=\"async\" class=\"aligncenter wp-image-3686 size-large\" src=\"https:\/\/informaccion.com\/nuevaweb\/wp-content\/uploads\/2017\/08\/libroexportando-web-1200x300-1024x256.png\" alt=\"libro exportando de datos de agricultura\" width=\"1200\" height=\"300\" srcset=\"https:\/\/informaccion.com\/nuevaweb\/wp-content\/uploads\/2017\/08\/libroexportando-web-1200x300-1024x256.png 1024w, https:\/\/informaccion.com\/nuevaweb\/wp-content\/uploads\/2017\/08\/libroexportando-web-1200x300-300x75.png 300w, https:\/\/informaccion.com\/nuevaweb\/wp-content\/uploads\/2017\/08\/libroexportando-web-1200x300-768x192.png 768w, https:\/\/informaccion.com\/nuevaweb\/wp-content\/uploads\/2017\/08\/libroexportando-web-1200x300-260x65.png 260w, https:\/\/informaccion.com\/nuevaweb\/wp-content\/uploads\/2017\/08\/libroexportando-web-1200x300-50x13.png 50w, https:\/\/informaccion.com\/nuevaweb\/wp-content\/uploads\/2017\/08\/libroexportando-web-1200x300-150x38.png 150w, https:\/\/informaccion.com\/nuevaweb\/wp-content\/uploads\/2017\/08\/libroexportando-web-1200x300.png 1200w\" sizes=\"(max-width: 1200px) 100vw, 1200px\" \/> <\/a><\/p>\n<p style=\"text-align: justify;\"><div class=\"share_wrapper share_item\"><span class=\"st_facebook_vcount\" displayText=\"Facebook\"><\/span><span class=\"st_twitter_vcount\" displayText=\"Tweet\"><\/span><span class=\"st_pinterest_vcount\" displayText=\"Pinterest\"><\/span><script src=\"https:\/\/ws.sharethis.com\/button\/buttons.js\"><\/script><script>stLight.options({publisher: \"1390eb48-c3c3-409a-903a-ca202d50de91\", doNotHash: false, doNotCopy: false, hashAddressBar: false});<\/script><\/div>\n<p style=\"text-align: justify;\">[\/vc_column_text][\/vc_column][\/vc_row]<\/p>\n<p><\/script><\/p>\n","protected":false},"excerpt":{"rendered":"<p>El Fen\u00f3meno del Ni\u00f1o Costero que enfrent\u00f3 Per\u00fa a inicios del 2017 dej\u00f3 interrogantes sobre los retos que debe asumir el pa\u00eds y las medidas a tomar como ciudadanos para no repetir estos tr\u00e1gicos episodios.<\/p>\n","protected":false},"author":6,"featured_media":4104,"comment_status":"open","ping_status":"open","sticky":false,"template":"","format":"standard","meta":{"footnotes":""},"categories":[127,50],"tags":[79,132,78],"_links":{"self":[{"href":"https:\/\/informaccion.com\/nuevaweb\/wp-json\/wp\/v2\/posts\/4101"}],"collection":[{"href":"https:\/\/informaccion.com\/nuevaweb\/wp-json\/wp\/v2\/posts"}],"about":[{"href":"https:\/\/informaccion.com\/nuevaweb\/wp-json\/wp\/v2\/types\/post"}],"author":[{"embeddable":true,"href":"https:\/\/informaccion.com\/nuevaweb\/wp-json\/wp\/v2\/users\/6"}],"replies":[{"embeddable":true,"href":"https:\/\/informaccion.com\/nuevaweb\/wp-json\/wp\/v2\/comments?post=4101"}],"version-history":[{"count":3,"href":"https:\/\/informaccion.com\/nuevaweb\/wp-json\/wp\/v2\/posts\/4101\/revisions"}],"predecessor-version":[{"id":4154,"href":"https:\/\/informaccion.com\/nuevaweb\/wp-json\/wp\/v2\/posts\/4101\/revisions\/4154"}],"wp:featuredmedia":[{"embeddable":true,"href":"https:\/\/informaccion.com\/nuevaweb\/wp-json\/wp\/v2\/media\/4104"}],"wp:attachment":[{"href":"https:\/\/informaccion.com\/nuevaweb\/wp-json\/wp\/v2\/media?parent=4101"}],"wp:term":[{"taxonomy":"category","embeddable":true,"href":"https:\/\/informaccion.com\/nuevaweb\/wp-json\/wp\/v2\/categories?post=4101"},{"taxonomy":"post_tag","embeddable":true,"href":"https:\/\/informaccion.com\/nuevaweb\/wp-json\/wp\/v2\/tags?post=4101"}],"curies":[{"name":"wp","href":"https:\/\/api.w.org\/{rel}","templated":true}]}}