{"id":4050,"date":"2017-10-09T10:44:27","date_gmt":"2017-10-09T10:44:27","guid":{"rendered":"https:\/\/informaccion.com\/nuevaweb\/?p=4050"},"modified":"2017-10-25T19:57:46","modified_gmt":"2017-10-25T19:57:46","slug":"palta-peruana-campanas-europa-usa","status":"publish","type":"post","link":"https:\/\/informaccion.com\/nuevaweb\/palta-peruana-campanas-europa-usa\/","title":{"rendered":"Campa\u00f1as promocionales en EE.UU. y Europa refuerzan los positivos resultados de la temporada de paltas"},"content":{"rendered":"<p>[vc_row][vc_column][vc_column_text css=\u00bb.vc_custom_1492013742148{padding-top: 1px !important;padding-right: 40px !important;padding-bottom: 40px !important;padding-left: 40px !important;}\u00bb]<\/p>\n<p style=\"text-align: center;\"><strong><em>\u00a0La temporada de palta peruana finaliz\u00f3 y lo hizo con n\u00famero positivos. Desde Prohass informaron que para el cierre de la campa\u00f1a 2017, el volumen exportado fue de 230 mil toneladas, lo que representa un incremento del 30%, respecto a per\u00edodo anterior<\/em><\/strong><\/p>\n<p style=\"text-align: justify;\">La buena recepci\u00f3n que ha tenido la <a href=\"https:\/\/informaccion.com\/nuevaweb\/peru-exportador-de-palta\/\">palta peruana<\/a> en mercados internacionales se debe, principalmente, a dos factores. El primero de ellos fue la disminuci\u00f3n de vol\u00famenes que tuvieron algunos pa\u00edses productores de paltas y el segundo son las campa\u00f1as promocionales en las que Per\u00fa ha estado involucrado.<\/p>\n<p>Para conocer m\u00e1s informaci\u00f3n sobre la campa\u00f1a, Portalfruticola.com convers\u00f3 con Daniel Bustamante, presidente de Prohass Per\u00fa.<\/p>\n<p>\u201cHubo una disminuci\u00f3n en los vol\u00famenes de mercados que producen al mismo tiempo que Per\u00fa. Por ejemplo, Estados Unidos tuvo una disminuci\u00f3n de casi un 50% y Sud\u00e1frica tambi\u00e9n tuvo una producci\u00f3n menor este a\u00f1o para el mercado europeo. Estas disminuciones ayudaron, aunque tambi\u00e9n hubo un aumento en el volumen. Adem\u00e1s, el precio tambi\u00e9n subi\u00f3, por lo que el impacto en la econom\u00eda ha sido bastante fuerte\u201d.<\/p>\n<p><a href=\"https:\/\/informaccion.com\/nuevaweb\/peru-nuevos-mercados\/\">Per\u00fa<\/a> ha sido uno de los l\u00edderes en Estados Unidos en el desarrollo de campa\u00f1as promocionales. La exposici\u00f3n ha tenido resultados positivos, debido a que han relacionado las condiciones nutricionales del fruto con los deportes, espec\u00edficamente con el b\u00e9isbol debido a la alta audiencia que tiene la rama en el pa\u00eds.<\/p>\n<p>\u201cSeguimos siendo un origen nuevo que se est\u00e1 conduciendo como proveedor de paltas en Estados Unidos y por eso lo estamos ligando a dos actividades importantes. Una de ellas es el deporte, ya que en gran medida el crecimiento del consumo de la paltas se ha debido a sus condiciones nutricionales y por eso se ha ligarlo al deporte. Y lo otro es que es el trabajo cercano que se ha hecho con ciertas cadenas de supermercados, que ha tenido una muy buena recepci\u00f3n\u201d.<\/p>\n<p>Adicional a la campa\u00f1a realizada en el pa\u00eds norteamericano, Per\u00fa en conjunto con Sud\u00e1frica y una empresa chilena est\u00e1n trabajando en la promoci\u00f3n de paltas en Europa, consiguiendo tambi\u00e9n buenos resultados. Para este continente, los pa\u00edses protagonistas de la campa\u00f1a son: Inglaterra y Alemania, aunque Francia y Escandinavia tambi\u00e9n han dejado buenos resultados.<\/p>\n<p>\u201cSe ha invertido mucho dinero y el objetivo es incrementar el volumen de la categor\u00eda palta no como origen, sino difundiendo las cualidades y los atributos del fruto con cadenas de supermercados. Para ello se est\u00e1 trabajando con im\u00e1genes atractivas visualmente y tambi\u00e9n en redes sociales\u201d, comenta Bustamante.<\/p>\n<p>Y agrega, \u201cEuropa puede ser un mercado del tama\u00f1o de Estados Unidos para la palta, pero todav\u00eda falta mucho para alcanzar esa meta\u201d.<\/p>\n<p>Tanto en Estados Unidos como en Europa, las actividades promocionales de consumo est\u00e1n avanzando de una forma muy satisfactoria. Por ello es que desde Prohass Per\u00fa hacen un llamado a que todos los exportadores de paltas en Europa puedan aportar a estas actividades no de manera individual, sino como pa\u00eds.<\/p>\n<p>El presidente de Prohass inform\u00f3 que para la campa\u00f1a europea se invirtieron 2,5 millones de d\u00f3lares y que para futuras temporadas de paltas estas campa\u00f1as publicitarias continuar\u00e1n. Si es que la inversi\u00f3n ser\u00e1 mayor a\u00fan no se sabe, ya que todo depender\u00e1 de cu\u00e1ntos kilos los pa\u00edses de or\u00edgenes aporten a \u00e9sta.<\/p>\n<p>Fuente: <a href=\"https:\/\/www.portalfruticola.com\/noticias\/2017\/10\/06\/peru-campanas-promocionales-ee-uu-europa-refuerzan-los-positivos-resultados-la-temporada-paltas\/\">Portal Frut\u00edcola<\/a>\u00a0\/ 06-10-17<\/p>\n<p><a href=\"http:\/\/bit.ly\/2h8ihe2\" target=\"_blank\" rel=\"noopener noreferrer\"><br \/>\n<img loading=\"lazy\" decoding=\"async\" class=\"aligncenter wp-image-3686 size-large\" src=\"https:\/\/informaccion.com\/nuevaweb\/wp-content\/uploads\/2017\/08\/libroexportando-web-1200x300-1024x256.png\" alt=\"libro exportando de datos de agricultura\" width=\"1024\" height=\"256\" srcset=\"https:\/\/informaccion.com\/nuevaweb\/wp-content\/uploads\/2017\/08\/libroexportando-web-1200x300-1024x256.png 1024w, https:\/\/informaccion.com\/nuevaweb\/wp-content\/uploads\/2017\/08\/libroexportando-web-1200x300-300x75.png 300w, https:\/\/informaccion.com\/nuevaweb\/wp-content\/uploads\/2017\/08\/libroexportando-web-1200x300-768x192.png 768w, https:\/\/informaccion.com\/nuevaweb\/wp-content\/uploads\/2017\/08\/libroexportando-web-1200x300-260x65.png 260w, https:\/\/informaccion.com\/nuevaweb\/wp-content\/uploads\/2017\/08\/libroexportando-web-1200x300-50x13.png 50w, https:\/\/informaccion.com\/nuevaweb\/wp-content\/uploads\/2017\/08\/libroexportando-web-1200x300-150x38.png 150w, https:\/\/informaccion.com\/nuevaweb\/wp-content\/uploads\/2017\/08\/libroexportando-web-1200x300.png 1200w\" sizes=\"(max-width: 1024px) 100vw, 1024px\" \/> <\/a><\/p>\n<div class=\"share_wrapper share_item\"><span class=\"st_facebook_vcount\" displayText=\"Facebook\"><\/span><span class=\"st_twitter_vcount\" displayText=\"Tweet\"><\/span><span class=\"st_pinterest_vcount\" displayText=\"Pinterest\"><\/span><script src=\"https:\/\/ws.sharethis.com\/button\/buttons.js\"><\/script><script>stLight.options({publisher: \"1390eb48-c3c3-409a-903a-ca202d50de91\", doNotHash: false, doNotCopy: false, hashAddressBar: false});<\/script><\/div>\n<p style=\"text-align: justify;\">[\/vc_column_text][\/vc_column][\/vc_row]<\/p>\n<p><\/script><\/p>\n","protected":false},"excerpt":{"rendered":"<p>El Fen\u00f3meno del Ni\u00f1o Costero que enfrent\u00f3 Per\u00fa a inicios del 2017 dej\u00f3 interrogantes sobre los retos que debe asumir el pa\u00eds y las medidas a tomar como ciudadanos para no repetir estos tr\u00e1gicos episodios.<\/p>\n","protected":false},"author":6,"featured_media":4054,"comment_status":"open","ping_status":"open","sticky":false,"template":"","format":"standard","meta":{"footnotes":""},"categories":[1,50,23],"tags":[117,70,87,139],"_links":{"self":[{"href":"https:\/\/informaccion.com\/nuevaweb\/wp-json\/wp\/v2\/posts\/4050"}],"collection":[{"href":"https:\/\/informaccion.com\/nuevaweb\/wp-json\/wp\/v2\/posts"}],"about":[{"href":"https:\/\/informaccion.com\/nuevaweb\/wp-json\/wp\/v2\/types\/post"}],"author":[{"embeddable":true,"href":"https:\/\/informaccion.com\/nuevaweb\/wp-json\/wp\/v2\/users\/6"}],"replies":[{"embeddable":true,"href":"https:\/\/informaccion.com\/nuevaweb\/wp-json\/wp\/v2\/comments?post=4050"}],"version-history":[{"count":3,"href":"https:\/\/informaccion.com\/nuevaweb\/wp-json\/wp\/v2\/posts\/4050\/revisions"}],"predecessor-version":[{"id":4161,"href":"https:\/\/informaccion.com\/nuevaweb\/wp-json\/wp\/v2\/posts\/4050\/revisions\/4161"}],"wp:featuredmedia":[{"embeddable":true,"href":"https:\/\/informaccion.com\/nuevaweb\/wp-json\/wp\/v2\/media\/4054"}],"wp:attachment":[{"href":"https:\/\/informaccion.com\/nuevaweb\/wp-json\/wp\/v2\/media?parent=4050"}],"wp:term":[{"taxonomy":"category","embeddable":true,"href":"https:\/\/informaccion.com\/nuevaweb\/wp-json\/wp\/v2\/categories?post=4050"},{"taxonomy":"post_tag","embeddable":true,"href":"https:\/\/informaccion.com\/nuevaweb\/wp-json\/wp\/v2\/tags?post=4050"}],"curies":[{"name":"wp","href":"https:\/\/api.w.org\/{rel}","templated":true}]}}