{"id":3983,"date":"2017-10-02T12:23:27","date_gmt":"2017-10-02T12:23:27","guid":{"rendered":"https:\/\/informaccion.com\/nuevaweb\/agroexportaciones-se-acercan-a-la-meta\/"},"modified":"2017-10-25T20:48:36","modified_gmt":"2017-10-25T20:48:36","slug":"exportaciones-peruanas-crecen","status":"publish","type":"post","link":"https:\/\/informaccion.com\/nuevaweb\/exportaciones-peruanas-crecen\/","title":{"rendered":"Exportaciones peruanas de productos naturales crecer\u00edan entre 20% y 25% este a\u00f1o"},"content":{"rendered":"<p>[vc_row][vc_column][vc_column_text css=\u00bb.vc_custom_1492013742148{padding-top: 1px !important;padding-right: 40px !important;padding-bottom: 40px !important;padding-left: 40px !important;}\u00bb]<\/p>\n<p style=\"text-align: center;\"><em><strong>\u00a0Se debe incidir en la certificaci\u00f3n de los peque\u00f1os productores y desarrollar el valor agregado<\/strong><\/em><\/p>\n<p style=\"text-align: justify;\">En el presente a\u00f1o, las <strong>exportaciones peruanas<\/strong> de productos naturales (org\u00e1nicos) crecer\u00edan entre 20% y 25% respecto al 2016, donde se alcanz\u00f3 los US$ 380 millones.<\/p>\n<p>As\u00ed lo inform\u00f3 la <strong>presidenta del Comit\u00e9 de Productos Naturales de ADEX<\/strong>, Alejandra Velazco Mu\u00f1oz, quien destac\u00f3 el alto potencial que tiene nuestro pa\u00eds en esta clase de productos tanto originarios como no originarios.<\/p>\n<div id=\"attachment_3987\" style=\"width: 510px\" class=\"wp-caption aligncenter\"><img loading=\"lazy\" decoding=\"async\" aria-describedby=\"caption-attachment-3987\" class=\"wp-image-3987\" src=\"https:\/\/informaccion.com\/nuevaweb\/wp-content\/uploads\/2017\/09\/alejandra-velazco-mu\u00f1oz-adex-300x169.jpg\" alt=\"Alejandra Velazco Mu\u00f1oz, exportaciones peruanas adex\" width=\"500\" height=\"281\" srcset=\"https:\/\/informaccion.com\/nuevaweb\/wp-content\/uploads\/2017\/09\/alejandra-velazco-mu\u00f1oz-adex-300x169.jpg 300w, https:\/\/informaccion.com\/nuevaweb\/wp-content\/uploads\/2017\/09\/alejandra-velazco-mu\u00f1oz-adex-768x432.jpg 768w, https:\/\/informaccion.com\/nuevaweb\/wp-content\/uploads\/2017\/09\/alejandra-velazco-mu\u00f1oz-adex-1024x576.jpg 1024w, https:\/\/informaccion.com\/nuevaweb\/wp-content\/uploads\/2017\/09\/alejandra-velazco-mu\u00f1oz-adex-260x146.jpg 260w, https:\/\/informaccion.com\/nuevaweb\/wp-content\/uploads\/2017\/09\/alejandra-velazco-mu\u00f1oz-adex-50x28.jpg 50w, https:\/\/informaccion.com\/nuevaweb\/wp-content\/uploads\/2017\/09\/alejandra-velazco-mu\u00f1oz-adex-133x75.jpg 133w, https:\/\/informaccion.com\/nuevaweb\/wp-content\/uploads\/2017\/09\/alejandra-velazco-mu\u00f1oz-adex.jpg 1334w\" sizes=\"(max-width: 500px) 100vw, 500px\" \/><p id=\"caption-attachment-3987\" class=\"wp-caption-text\">Alejandra Velazco Mu\u00f1oz, presidenta del Comit\u00e9 de Productos Naturales de ADEX<\/p><\/div>\n<p style=\"text-align: justify;\">\u201cLa tendencia en el mundo no solo es consumir <strong>productos org\u00e1nicos<\/strong> sino tambi\u00e9n alimentos sanos, por lo cual el concepto de <strong>superfoods<\/strong>, en el cual se ha aliado <a href=\"https:\/\/informaccion.com\/nuevaweb\/peru-nuevos-mercados\/\">Per\u00fa<\/a>, tiene mucha relevancia en los mercados internacionales\u201d, destac\u00f3.<\/p>\n<p>Agreg\u00f3 que para desarrollar el sector se debe fortalecer las cadenas productivas y que vayan de la mano con la oferta exportadora de productos org\u00e1nicos para que de esa manera la cadena satisfaga la demanda del exterior.<\/p>\n<p>En ese sentido, destac\u00f3 que se debe incidir en la certificaci\u00f3n de los peque\u00f1os productores, para lo cual se requiere de incentivos del Estado, lo que ayudar\u00e1 a promover la producci\u00f3n org\u00e1nica.<\/p>\n<p>Asimismo, dijo que es importante darle mayor valor agregado a los productos con el objetivo de diversificar la canasta exportable nacional. Para ello es imprescindible el trabajo en conjunto del sector p\u00fablico-privado, gremios y empresas.<\/p>\n<p>En otro momento, la representante del gremio exportador, indic\u00f3 que los principales productos org\u00e1nicos exportados por Per\u00fa son banano, cacao, quinua, ki\u00f3n y maca. Consider\u00f3 que este a\u00f1o podr\u00edan disminuir los despachos de banano org\u00e1nicos ya que el fen\u00f3meno de El Ni\u00f1o Costero afect\u00f3 muchas plantaciones.<\/p>\n<p>Detall\u00f3 que los principales mercados para los productos naturales procedentes de Per\u00fa son Europa y Norteam\u00e9rica. En cuanto a tendencias, sostuvo que los \u00faltimos a\u00f1os los pa\u00edses destinos solicitan\u00a0 productos \u201c<strong>ready to eat<\/strong>\u201d (listos para comer).<\/p>\n<p>\u201cPer\u00fa est\u00e1 reconocido como un pa\u00eds org\u00e1nico, pero tambi\u00e9n es considerado como un pa\u00eds exportador de materia prima y esto \u00faltimo queremos cambiar. Debemos desarrollar el<strong> valor agregado<\/strong>\u201d, finaliz\u00f3.<\/p>\n<p><strong>Dato<\/strong><\/p>\n<p><strong>Alejandra Velazco<\/strong> dio estas declaraciones en la IX Convenci\u00f3n de Productos Org\u00e1nicos y Sostenibles, que se realiz\u00f3 en el marco de la feria ExpoAlimentaria.<\/p>\n<p>Fuente: <a href=\"http:\/\/agraria.pe\/noticias\/exportaciones-peruanas-de-productos-naturales-crecerian-entr-14928\">Agraria.pe<\/a>\u00a0\/ 28-09-17<\/p>\n<p><a href=\"http:\/\/bit.ly\/2h8ihe2\" target=\"_blank\" rel=\"noopener noreferrer\"><img loading=\"lazy\" decoding=\"async\" class=\"aligncenter wp-image-3686 size-large\" src=\"https:\/\/informaccion.com\/nuevaweb\/wp-content\/uploads\/2017\/08\/libroexportando-web-1200x300-1024x256.png\" alt=\"libro exportando de datos de agricultura\" width=\"1024\" height=\"256\" srcset=\"https:\/\/informaccion.com\/nuevaweb\/wp-content\/uploads\/2017\/08\/libroexportando-web-1200x300-1024x256.png 1024w, https:\/\/informaccion.com\/nuevaweb\/wp-content\/uploads\/2017\/08\/libroexportando-web-1200x300-300x75.png 300w, https:\/\/informaccion.com\/nuevaweb\/wp-content\/uploads\/2017\/08\/libroexportando-web-1200x300-768x192.png 768w, https:\/\/informaccion.com\/nuevaweb\/wp-content\/uploads\/2017\/08\/libroexportando-web-1200x300-260x65.png 260w, https:\/\/informaccion.com\/nuevaweb\/wp-content\/uploads\/2017\/08\/libroexportando-web-1200x300-50x13.png 50w, https:\/\/informaccion.com\/nuevaweb\/wp-content\/uploads\/2017\/08\/libroexportando-web-1200x300-150x38.png 150w, https:\/\/informaccion.com\/nuevaweb\/wp-content\/uploads\/2017\/08\/libroexportando-web-1200x300.png 1200w\" sizes=\"(max-width: 1024px) 100vw, 1024px\" \/> <\/a><\/p>\n<div class=\"share_wrapper share_item\"><span class=\"st_facebook_vcount\" displayText=\"Facebook\"><\/span><span class=\"st_twitter_vcount\" displayText=\"Tweet\"><\/span><span class=\"st_pinterest_vcount\" displayText=\"Pinterest\"><\/span><script src=\"https:\/\/ws.sharethis.com\/button\/buttons.js\"><\/script><script>stLight.options({publisher: \"1390eb48-c3c3-409a-903a-ca202d50de91\", doNotHash: false, doNotCopy: false, hashAddressBar: false});<\/script><\/div>\n<p style=\"text-align: justify;\">[\/vc_column_text][\/vc_column][\/vc_row]<\/p>\n<p><\/script><\/p>\n","protected":false},"excerpt":{"rendered":"<p>El Fen\u00f3meno del Ni\u00f1o Costero que enfrent\u00f3 Per\u00fa a inicios del 2017 dej\u00f3 interrogantes sobre los retos que debe asumir el pa\u00eds y las medidas a tomar como ciudadanos para no repetir estos tr\u00e1gicos episodios.<\/p>\n","protected":false},"author":6,"featured_media":3991,"comment_status":"open","ping_status":"open","sticky":false,"template":"","format":"standard","meta":{"footnotes":""},"categories":[1,50,23],"tags":[129,89,117,130,131],"_links":{"self":[{"href":"https:\/\/informaccion.com\/nuevaweb\/wp-json\/wp\/v2\/posts\/3983"}],"collection":[{"href":"https:\/\/informaccion.com\/nuevaweb\/wp-json\/wp\/v2\/posts"}],"about":[{"href":"https:\/\/informaccion.com\/nuevaweb\/wp-json\/wp\/v2\/types\/post"}],"author":[{"embeddable":true,"href":"https:\/\/informaccion.com\/nuevaweb\/wp-json\/wp\/v2\/users\/6"}],"replies":[{"embeddable":true,"href":"https:\/\/informaccion.com\/nuevaweb\/wp-json\/wp\/v2\/comments?post=3983"}],"version-history":[{"count":9,"href":"https:\/\/informaccion.com\/nuevaweb\/wp-json\/wp\/v2\/posts\/3983\/revisions"}],"predecessor-version":[{"id":4165,"href":"https:\/\/informaccion.com\/nuevaweb\/wp-json\/wp\/v2\/posts\/3983\/revisions\/4165"}],"wp:featuredmedia":[{"embeddable":true,"href":"https:\/\/informaccion.com\/nuevaweb\/wp-json\/wp\/v2\/media\/3991"}],"wp:attachment":[{"href":"https:\/\/informaccion.com\/nuevaweb\/wp-json\/wp\/v2\/media?parent=3983"}],"wp:term":[{"taxonomy":"category","embeddable":true,"href":"https:\/\/informaccion.com\/nuevaweb\/wp-json\/wp\/v2\/categories?post=3983"},{"taxonomy":"post_tag","embeddable":true,"href":"https:\/\/informaccion.com\/nuevaweb\/wp-json\/wp\/v2\/tags?post=3983"}],"curies":[{"name":"wp","href":"https:\/\/api.w.org\/{rel}","templated":true}]}}