{"id":3653,"date":"2017-08-10T11:26:27","date_gmt":"2017-08-10T11:26:27","guid":{"rendered":"https:\/\/informaccion.com\/nuevaweb\/ica-es-lo-que-es-nuestra-gente\/"},"modified":"2017-08-10T17:25:38","modified_gmt":"2017-08-10T17:25:38","slug":"integridad-ica","status":"publish","type":"post","link":"https:\/\/informaccion.com\/nuevaweb\/integridad-ica\/","title":{"rendered":"El vandalismo existe. La integridad tambi\u00e9n\u2026 en Ica"},"content":{"rendered":"<p>[vc_row][vc_column][vc_column_text css=\u00bb.vc_custom_1492013742148{padding-top: 1px !important;padding-right: 40px !important;padding-bottom: 40px !important;padding-left: 40px !important;}\u00bb]<\/p>\n<p><img loading=\"lazy\" decoding=\"async\" class=\"aligncenter wp-image-3609\" src=\"https:\/\/informaccion.com\/nuevaweb\/wp-content\/uploads\/2017\/04\/fcillonizFINAL-1024x266.png\" alt=\"biograf\u00eda de fernando cilloniz, gobernador regional de ica\" width=\"725\" height=\"188\" srcset=\"https:\/\/informaccion.com\/nuevaweb\/wp-content\/uploads\/2017\/04\/fcillonizFINAL-1024x266.png 1024w, https:\/\/informaccion.com\/nuevaweb\/wp-content\/uploads\/2017\/04\/fcillonizFINAL-300x78.png 300w, https:\/\/informaccion.com\/nuevaweb\/wp-content\/uploads\/2017\/04\/fcillonizFINAL-768x200.png 768w, https:\/\/informaccion.com\/nuevaweb\/wp-content\/uploads\/2017\/04\/fcillonizFINAL-260x68.png 260w, https:\/\/informaccion.com\/nuevaweb\/wp-content\/uploads\/2017\/04\/fcillonizFINAL-50x13.png 50w, https:\/\/informaccion.com\/nuevaweb\/wp-content\/uploads\/2017\/04\/fcillonizFINAL-150x39.png 150w, https:\/\/informaccion.com\/nuevaweb\/wp-content\/uploads\/2017\/04\/fcillonizFINAL.png 1347w\" sizes=\"(max-width: 725px) 100vw, 725px\" \/><\/p>\n<p>&nbsp;<\/p>\n<p>\u00a1Vaya que el tema de los <strong>paros<\/strong> vand\u00e1licos est\u00e1 en boca de todo el mundo! Ciertamente, los paros en el Cusco han sido los m\u00e1s sonados, pero los huelguistas de Puno, Apur\u00edmac, Ayacucho, Jun\u00edn\u2026 y hasta de la propia Lima no se han quedado atr\u00e1s. Pareciera que nada de lo que nos rodea est\u00e1 exento de ese mal llamado vandalismo.<\/p>\n<p>Pero no. No todo es vandalismo en nuestro pa\u00eds. En <a href=\"https:\/\/informaccion.com\/nuevaweb\/ica-es-nuestra-gente\/\">Ica<\/a> \u2013 por ejemplo \u2013 tenemos casos notables de integridad profesional, que contrastan \u2013 como el d\u00eda y la noche \u2013 con la miseria moral de algunos personajes de nuestro entorno.<\/p>\n<p>Me refiero \u2013 de manera muy especial \u2013 a nuestros <strong>m\u00e9dicos y maestros<\/strong> que \u2013 en su inmensa mayor\u00eda \u2013 no acataron los paros convocados por la Federaci\u00f3n M\u00e9dica Peruana (FMP) y el Sindicato Unitario de Trabajadores por la Educaci\u00f3n del Per\u00fa (SUTEP).<\/p>\n<p>Y digo \u201cde manera muy especial\u201d porque \u2013 ciertamente\u2026 tanto m\u00e9dicos como maestros \u2013 tienen motivos de sobra para protestar. Los niveles salariales en ambos sectores \u2013 y en general, en todo el sector p\u00fablico del pa\u00eds \u2013 son baj\u00edsimos. La \u201cDeuda Social\u201d se est\u00e1 pagando a cuenta gotas. Sin embargo, en lo que a la <strong>Regi\u00f3n Ica<\/strong> concierne, m\u00e1s prim\u00f3 el compromiso con los pacientes y los estudiantes, que los leg\u00edtimos derechos de nuestros profesionales de salud y educaci\u00f3n.<\/p>\n<p>Es muy interesante lo que est\u00e1 pasando en nuestra regi\u00f3n. El liderazgo \u2013 del bueno \u2013 y el orden y disciplina en el trabajo est\u00e1 revolucionando el servicio p\u00fablico a nuestros ciudadanos. Dicho sea de paso, a muchas autoridades se nos califica en funci\u00f3n de las obras que realizamos\u2026 parques con m\u00e1s cemento que jardines, hospitales que despu\u00e9s no hay qui\u00e9n los opere, palacios municipales, etc. No importa si la obra sirve o no\u2026 el tema es hacer obras. Y si detr\u00e1s de ellas hay sendos negociados\u2026 no hay problema. As\u00ed piensan muchos.<\/p>\n<p>Sin embargo, pocos se fijan en la <strong>gesti\u00f3n p\u00fablica<\/strong>. Es decir, en la calidad del servicio p\u00fablico&#8230; entre los que destacan n\u00edtidamente la atenci\u00f3n a los pacientes que acuden a nuestros centros de salud, y la educaci\u00f3n de nuestros ni\u00f1os y j\u00f3venes que merecen una formaci\u00f3n integral y de calidad. En s\u00edntesis, la gesti\u00f3n de la salud y la educaci\u00f3n.<\/p>\n<p>A ese respecto, <a href=\"https:\/\/informaccion.com\/nuevaweb\/siagro-sur-ica-simposio-del-agro\/\"><strong>Ica<\/strong><\/a> est\u00e1 demostrando que \u2013 a pesar del poco presupuesto\u2026 que es realmente poco \u2013 s\u00ed se puede mejorar el servicio de estos dos sectores fundamentales para el bienestar de la poblaci\u00f3n. A los huelguistas s\u00f3lo se les ha escuchado cantaletas como Falta de Presupuesto, Aumento Salarial, Falta de Equipos, Falta de Medicamentos, etc. Ah \u2013 y para no perder la costumbre \u2013 tambi\u00e9n exigen las cabezas de las Ministras de Salud y Educaci\u00f3n. Pero ni una palabra de corrupci\u00f3n e indolencia en sus propios integrantes.<\/p>\n<p>Me refiero a m\u00e9dicos que abandonan sus centros de trabajo y cobran como si hubieran trabajado, m\u00e9dicos que derivan a pacientes a cl\u00ednicas privadas para cobrarles indebidamente, m\u00e9dicos que se roban medicinas y equipos de nuestros hospitales p\u00fablicos para usarlos en sus pr\u00e1cticas privadas, m\u00e9dicos que se coluden con malos proveedores para comprar medicamentos en exceso\u2026 \u00a1unos delincuentes!<\/p>\n<p>Pues bien, en Ica tambi\u00e9n tenemos m\u00e9dicos de esa cala\u00f1a. Felizmente, pocos comparados con la gran cantidad de m\u00e9dicos estupendos que atienden muy bien a los pacientes. Pero \u2013 a diferencia de otras regiones \u2013 en Ica estamos denunciando a los servidores corruptos, y \u2013 eventualmente \u2013 sancion\u00e1ndolos. Y gracias a ello, todo est\u00e1 cambiando en nuestros hospitales\u2026 y para mejor. Lo mismo est\u00e1 sucediendo en educaci\u00f3n, y en todas las direcciones del Gobierno Regional.<\/p>\n<p>Como dije alguna vez\u2026 s\u00ed se pod\u00eda. Era cuesti\u00f3n de liderazgo para separar la paja del trigo, y trabajar con gente honesta, capaz y servicial. Como nuestros m\u00e9dicos y maestros que atendieron normalmente a sus labores durante las \u00faltimas huelgas. Eso se llama<strong> integridad<\/strong> profesional\u2026 y moral. \u00a1Enhorabuena!<\/p>\n<p style=\"text-align: left;\"><em>Fuente: Correo ICA.<\/em><\/p>\n<p style=\"text-align: justify;\"><div class=\"share_wrapper share_item\"><span class=\"st_facebook_vcount\" displayText=\"Facebook\"><\/span><span class=\"st_twitter_vcount\" displayText=\"Tweet\"><\/span><span class=\"st_pinterest_vcount\" displayText=\"Pinterest\"><\/span><script src=\"https:\/\/ws.sharethis.com\/button\/buttons.js\"><\/script><script>stLight.options({publisher: \"1390eb48-c3c3-409a-903a-ca202d50de91\", doNotHash: false, doNotCopy: false, hashAddressBar: false});<\/script><\/div>\n<p style=\"text-align: justify;\">[\/vc_column_text][\/vc_column][\/vc_row]<\/p>\n<p><\/script><\/p>\n","protected":false},"excerpt":{"rendered":"<p>El Fen\u00f3meno del Ni\u00f1o Costero que enfrent\u00f3 Per\u00fa a inicios del 2017 dej\u00f3 interrogantes sobre los retos que debe asumir el pa\u00eds y las medidas a tomar como ciudadanos para no repetir estos tr\u00e1gicos episodios.<\/p>\n","protected":false},"author":6,"featured_media":3657,"comment_status":"open","ping_status":"open","sticky":false,"template":"","format":"standard","meta":{"footnotes":""},"categories":[50],"tags":[79,78,77],"_links":{"self":[{"href":"https:\/\/informaccion.com\/nuevaweb\/wp-json\/wp\/v2\/posts\/3653"}],"collection":[{"href":"https:\/\/informaccion.com\/nuevaweb\/wp-json\/wp\/v2\/posts"}],"about":[{"href":"https:\/\/informaccion.com\/nuevaweb\/wp-json\/wp\/v2\/types\/post"}],"author":[{"embeddable":true,"href":"https:\/\/informaccion.com\/nuevaweb\/wp-json\/wp\/v2\/users\/6"}],"replies":[{"embeddable":true,"href":"https:\/\/informaccion.com\/nuevaweb\/wp-json\/wp\/v2\/comments?post=3653"}],"version-history":[{"count":4,"href":"https:\/\/informaccion.com\/nuevaweb\/wp-json\/wp\/v2\/posts\/3653\/revisions"}],"predecessor-version":[{"id":3658,"href":"https:\/\/informaccion.com\/nuevaweb\/wp-json\/wp\/v2\/posts\/3653\/revisions\/3658"}],"wp:featuredmedia":[{"embeddable":true,"href":"https:\/\/informaccion.com\/nuevaweb\/wp-json\/wp\/v2\/media\/3657"}],"wp:attachment":[{"href":"https:\/\/informaccion.com\/nuevaweb\/wp-json\/wp\/v2\/media?parent=3653"}],"wp:term":[{"taxonomy":"category","embeddable":true,"href":"https:\/\/informaccion.com\/nuevaweb\/wp-json\/wp\/v2\/categories?post=3653"},{"taxonomy":"post_tag","embeddable":true,"href":"https:\/\/informaccion.com\/nuevaweb\/wp-json\/wp\/v2\/tags?post=3653"}],"curies":[{"name":"wp","href":"https:\/\/api.w.org\/{rel}","templated":true}]}}