{"id":3599,"date":"2017-07-07T15:30:27","date_gmt":"2017-07-07T15:30:27","guid":{"rendered":"https:\/\/informaccion.com\/nuevaweb\/verano-del-17-reflexiones-sobre-el-nino-costero\/"},"modified":"2017-08-16T17:06:51","modified_gmt":"2017-08-16T17:06:51","slug":"ley-promocion-del-sector-agrario-peru","status":"publish","type":"post","link":"https:\/\/informaccion.com\/nuevaweb\/ley-promocion-del-sector-agrario-peru\/","title":{"rendered":"Definici\u00f3n, en vez de pr\u00f3rroga, para la ley de beneficios agrarios"},"content":{"rendered":"<p>[vc_row][vc_column][vc_column_text css=\u00bb.vc_custom_1492013742148{padding-top: 1px !important;padding-right: 40px !important;padding-bottom: 40px !important;padding-left: 40px !important;}\u00bb]<\/p>\n<p><center><img loading=\"lazy\" decoding=\"async\" class=\"aligncenter wp-image-3515\" src=\"https:\/\/informaccion.com\/nuevaweb\/wp-content\/uploads\/2017\/04\/bcillonizFINAL-300x78.png\" alt=\"Ing. Benjam\u00edn Cill\u00f3niz, presidente de Inform@cci\u00f3n\" width=\"725\" height=\"188\" srcset=\"https:\/\/informaccion.com\/nuevaweb\/wp-content\/uploads\/2017\/04\/bcillonizFINAL-300x78.png 300w, https:\/\/informaccion.com\/nuevaweb\/wp-content\/uploads\/2017\/04\/bcillonizFINAL-768x200.png 768w, https:\/\/informaccion.com\/nuevaweb\/wp-content\/uploads\/2017\/04\/bcillonizFINAL-260x68.png 260w, https:\/\/informaccion.com\/nuevaweb\/wp-content\/uploads\/2017\/04\/bcillonizFINAL-50x13.png 50w, https:\/\/informaccion.com\/nuevaweb\/wp-content\/uploads\/2017\/04\/bcillonizFINAL-150x39.png 150w, https:\/\/informaccion.com\/nuevaweb\/wp-content\/uploads\/2017\/04\/bcillonizFINAL.png 885w\" sizes=\"(max-width: 725px) 100vw, 725px\" \/><\/center><\/p>\n<p style=\"text-align: justify;\">En los \u00faltimos d\u00edas, la <strong>ley de beneficios agrarios<\/strong> (Ley N\u00b0 27360) viene ocupando algunos titulares por en\u00e9sima vez. El portal de noticias <a href=\"http:\/\/www.agraria.pe\"><strong>Agraria.pe<\/strong><\/a> public\u00f3 una serie de notas donde se destacan los beneficios que ha tra\u00eddo dicha ley y la necesidad de prorrogarla. Yo quisiera ir m\u00e1s all\u00e1 y hacernos la pregunta \u00bfpor qu\u00e9 debe tener una fecha l\u00edmite? \u00bfacaso la <strong>agricultura <\/strong>va a dejar de ser estacional en el futuro? Es evidente que buena parte de los objetivos de dicha ley se han logrado y hoy estamos en una situaci\u00f3n en donde s\u00ed, es justo y necesario hacer modificaciones en varios puntos; pero hay aspectos de la ley que deben ser permanentes. Si seguimos prorrogando la ley, dejamos en bandeja un elemento de demagogia pura a esos 130 angelitos que tenemos que elegir cada 5 a\u00f1os para el congreso.<\/p>\n<h2>Industria estacional<\/h2>\n<p>La agricultura es una actividad alt\u00edsimamente variable dentro de un mismo a\u00f1o. Es imposible pretender que tenga la estabilidad que tienen la miner\u00eda, industria textil, comercio, construcci\u00f3n, etc. Ni el turismo es tan estacional como el agro. En el campo se tienen semanas de alt\u00edsimo requerimiento de mano de obra y semanas en donde se hace honor a la palabra \u201cvegetar\u201d (es decir, no hay que hacer nada), adem\u00e1s, la transici\u00f3n entre ambos escenarios no es gradual, es muy violenta, lo cual hace evidente que una actividad tan importante para el pa\u00eds necesita un <strong>r\u00e9gimen especial de <a href=\"https:\/\/informaccion.com\/nuevaweb\/contratos-modales-sector-agrario\/\">contrataci\u00f3n<\/a><\/strong> que sea permanente. No hacer esto nos llevar\u00eda a impulsar sistemas informales que traen consecuencias como la espantosa y vergonzosa situaci\u00f3n vivida en las galer\u00edas Nicolini. No solo las autoridades han fallado, hemos fallado como sociedad y seguimos disparando cr\u00edticas sin ning\u00fan an\u00e1lisis y repletas de demagogia. Los consumidores finales no le damos prioridad a la formalidad, sino al precio; criticamos industrias que, mal que bien, vienen funcionando de manera segura para los consumidores y empleados; no hacemos ning\u00fan <em>mea culpa<\/em> cuando compramos a proveedores de dudosa procedencia, sin factura y sin ning\u00fan tipo de formalidad que evite convertirnos en c\u00f3mplices de sus maldades.<\/p>\n<h2>En crecimiento<\/h2>\n<p>La <strong>agroexportaci\u00f3n peruana<\/strong> ha tra\u00eddo, sin duda alguna, mejoras impresionantes al pa\u00eds y no solo por la ley en cuesti\u00f3n; los consumidores finales de este sector son sumamente exigentes, tanto en <strong>seguridad alimentaria<\/strong> como en <strong>responsabilidad social<\/strong>. Hoy en d\u00eda, habr\u00eda que ser demasiado bruto para tratar mal a los empleados de una empresa agroexportadora, no solo porque no es correcto, sino porque adem\u00e1s estar\u00edas perdiendo plata. El crecimiento del sector ha sido el principal (si no es el \u00fanico) responsable del aumento de las remuneraciones y las mejoras en las condiciones laborales, por tanto, la discusi\u00f3n del sueldo m\u00ednimo es irrelevante para las agroexportadoras; ya que, los empleados del campo ganan m\u00e1s que el sueldo m\u00ednimo hace ya varios a\u00f1os. Cada d\u00eda se ven nuevas iniciativas privadas para mejorar las condiciones laborales en el sector agrario (mejora en el transporte, alimentaci\u00f3n, eventos de camarader\u00eda, etc., etc., etc.); sin embargo, no son pocas las cr\u00edticas hacia este sector y no hacia otros que van en retroceso.<\/p>\n<h2>Los resultados<\/h2>\n<p>Me sobran los ejemplos para demostrar la evoluci\u00f3n del sector agrario: recuerdo que empec\u00e9 mis practicas pre profesionales en el a\u00f1o 1999 cuando ten\u00eda 18 a\u00f1os, como ayudante de cosecha en un campo de uvas de mesa en Chincha. Todos los d\u00edas me tocaba decir, a personas que me conoc\u00edan desde que nac\u00ed, que nuevamente no hab\u00eda nada para hacer en el campo y que por favor no vinieran caminando al d\u00eda siguiente a preguntar lo mismo, ya que yo me encargar\u00eda de avisarles cuando necesitemos gente. Obviamente me afectaba ver c\u00f3mo hab\u00eda tantas personas conocidas en esta situaci\u00f3n, mientras yo s\u00ed tuve acceso a unas pr\u00e1cticas (con un sueldo neto de 77 soles por semana, trabajando casi 18 horas al d\u00eda) gracias a la educaci\u00f3n que pudieron darme mis padres. Con el due\u00f1o del campo nos invent\u00e1bamos labores para dar m\u00e1s alternativas de trabajo, pero nunca era suficiente y todas estas personas caminaban una hora al d\u00eda, solo por si acaso. Hoy en d\u00eda, a mis 35 a\u00f1os, veo hacia atr\u00e1s y me queda claro que en este sector no aplica el dicho \u201ctodo tiempo pasado fue mejor\u201d \u00a1De ninguna manera! A quienes digan que la <strong>agroexportaci\u00f3n<\/strong> no ha tra\u00eddo mejoras enormes, les puedo decir con plena seguridad que est\u00e1n mintiendo porque yo lo he vivido en carne propia. Es imposible pensar que lo que me toc\u00f3 vivir en esa \u00e9poca, se podr\u00eda ver hoy en d\u00eda. El caso de <strong>Ica<\/strong> es contundente: siendo el primer <strong>n\u00facleo agroexportador<\/strong>, es la regi\u00f3n con mayor empleabilidad y menor nivel de pobreza; a pesar de ser destino de una migraci\u00f3n masiva de pobladores muy pobres de Huancavelica y Ayacucho. Falta mucho por mejorar aun y hay c\u00f3mo hacerlo, pero sin la agroexportaci\u00f3n la realidad de Ica ser\u00eda mucho peor.<\/p>\n<blockquote><p>\u00abla mayor\u00eda de valles e irrigaciones ha logrado diversificar su canasta de cultivos y, de esta forma, hacer que exista\u00a0<strong>demanda de<\/strong>\u00a0<strong>mano de obra a lo largo del a\u00f1o\u00bb<\/strong><\/p><\/blockquote>\n<p>Es cierto tambi\u00e9n que, hoy en d\u00eda, muchos inversionistas hubieran preferido dejar su plata en el banco y vivir de los intereses, en vez de romperse el lomo varios a\u00f1os para llegar a la conclusi\u00f3n de que perdieron plata. El negocio del agro no es f\u00e1cil. A algunos les ha ido muy bien y no son pocos a los que les ha ido muy mal. Los bancos, mi abuela y alg\u00fan t\u00edo \u2013 que se podr\u00eda considerar exitoso en otras industrias \u2013, me hacen recordar cada cierto tiempo que la agricultura es un negocio muy complicado. Tenemos una enorme ventaja (y debemos aprovecharla), ya que la mayor\u00eda de valles e irrigaciones ha logrado diversificar su canasta de cultivos y, de esta forma, hacer que exista <strong>demanda de<\/strong> <strong>mano de obra a lo largo del a\u00f1o<\/strong> en la mayor\u00eda de los valles. No en una misma empresa, ya que generalmente cada una tiene entre 1 a 3 cultivos, pero todos los trabajadores pueden ir cambiando de empresas en un mismo valle sin tener que migrar como se hace en otros pa\u00edses. Todo esto tiene que ponerse en la balanza siendo conscientes de que toda acci\u00f3n traer\u00e1 muchas reacciones, no nos quedemos en la consecuencia l\u00f3gica, pensemos en la en\u00e9sima consecuencia antes de disparar afirmaciones. La consecuencia \u201cl\u00f3gica\u201d de elevar el impuesto a la renta ser\u00eda el aumento de los ingresos al fisco y, por ende, mayor ejecuci\u00f3n de obras para el pa\u00eds; sin embargo, tambi\u00e9n puede generar una contracci\u00f3n. Los inversionistas podr\u00edan salir del negocio, se reducir\u00eda la producci\u00f3n y por ende los puestos de trabajo. A mayor oferta de mano de obra, caer\u00edan los sueldos, aumentar\u00eda el descontento, la informalidad, la inseguridad y lo que se supon\u00eda que solo PODR\u00cdA traer mayores beneficios; termina contrayendo el sector.<\/p>\n<h2>Ley definitiva<\/h2>\n<p>Hay varios puntos de la ley que pueden ser debatibles y seguro habr\u00e1 que asumir el riesgo al hacer los cambios, pero el punto m\u00e1s cr\u00edtico de la ley est\u00e1 en la <strong>modalidad de contrataci\u00f3n<\/strong>. Pretender que esta industria tan estacional pueda funcionar con contratos laborales con plazos definidos ser\u00eda un suicidio y definitivamente lo que se supone deber\u00eda generar bienestar a los trabajadores terminar\u00e1 por impulsar sistemas que evaden la legalidad, generando finalmente el efecto contrario. Hoy en d\u00eda tenemos trabajadores que, sin haber tenido acceso a mayor educaci\u00f3n, pueden ganar m\u00e1s de 200 soles netos al d\u00eda en las \u00e9pocas de mayor intensidad laboral. He sido testigo de c\u00f3mo mujeres trabajadoras eligen no trabajar en una temporada de embalaje de granadas porque est\u00e1n satisfechas con los ingresos que han logrado durante una temporada de embalaje de uvas. <strong>Logran ingresos m\u00e1s altos de los que esperaban<\/strong> y pueden elegir, sin ning\u00fan tipo de solicitud extraordinaria, tomar un tiempo de descanso a pesar de haber demanda de mano de obra. Saben que cuando necesiten trabajar nuevamente, encontraran trabajo bien remunerado y con buenas condiciones laborales. <strong>\u00a1Eso es un \u00e9xito!<\/strong> \u00a1\u00a1Y punto!! Entonces no cambiemos lo que est\u00e1 funcionando bien. Discutamos \u2013 de una vez &#8211; lo que s\u00ed puede ser mejorado (impuesto a la renta, exoneraci\u00f3n del IGV, etc.) y trabajemos una <strong>ley que sea definitiva<\/strong> para no tener que estar discutiendo la necesidad de prorrogar dicha ley cada 5 a\u00f1os.<\/p>\n<p><a href=\"https:\/\/goo.gl\/tmcDqh\" target=\"_blank\"><br \/>\n<img loading=\"lazy\" decoding=\"async\" class=\"aligncenter wp-image-3686 size-large\" src=\"https:\/\/informaccion.com\/nuevaweb\/wp-content\/uploads\/2017\/08\/libroexportando-web-1200x300-1024x256.png\" alt=\"libro exportando de datos de agricultura\" width=\"1200\" height=\"300\" srcset=\"https:\/\/informaccion.com\/nuevaweb\/wp-content\/uploads\/2017\/08\/libroexportando-web-1200x300-1024x256.png 1024w, https:\/\/informaccion.com\/nuevaweb\/wp-content\/uploads\/2017\/08\/libroexportando-web-1200x300-300x75.png 300w, https:\/\/informaccion.com\/nuevaweb\/wp-content\/uploads\/2017\/08\/libroexportando-web-1200x300-768x192.png 768w, https:\/\/informaccion.com\/nuevaweb\/wp-content\/uploads\/2017\/08\/libroexportando-web-1200x300-260x65.png 260w, https:\/\/informaccion.com\/nuevaweb\/wp-content\/uploads\/2017\/08\/libroexportando-web-1200x300-50x13.png 50w, https:\/\/informaccion.com\/nuevaweb\/wp-content\/uploads\/2017\/08\/libroexportando-web-1200x300-150x38.png 150w, https:\/\/informaccion.com\/nuevaweb\/wp-content\/uploads\/2017\/08\/libroexportando-web-1200x300.png 1200w\" sizes=\"(max-width: 1200px) 100vw, 1200px\" \/> <\/a><\/p>\n<div class=\"share_wrapper share_item\"><span class=\"st_facebook_vcount\" displayText=\"Facebook\"><\/span><span class=\"st_twitter_vcount\" displayText=\"Tweet\"><\/span><span class=\"st_pinterest_vcount\" displayText=\"Pinterest\"><\/span><script src=\"https:\/\/ws.sharethis.com\/button\/buttons.js\"><\/script><script>stLight.options({publisher: \"1390eb48-c3c3-409a-903a-ca202d50de91\", doNotHash: false, doNotCopy: false, hashAddressBar: false});<\/script><\/div>\n<p style=\"text-align: justify;\">[\/vc_column_text][\/vc_column][\/vc_row]<\/p>\n<p>&nbsp;<\/script><\/p>\n","protected":false},"excerpt":{"rendered":"<p>El Fen\u00f3meno del Ni\u00f1o Costero que enfrent\u00f3 Per\u00fa a inicios del 2017 dej\u00f3 interrogantes sobre los retos que debe asumir el pa\u00eds y las medidas a tomar como ciudadanos para no repetir estos tr\u00e1gicos episodios.<\/p>\n","protected":false},"author":6,"featured_media":3602,"comment_status":"open","ping_status":"open","sticky":false,"template":"","format":"standard","meta":{"footnotes":""},"categories":[1,50],"tags":[75,76,74],"_links":{"self":[{"href":"https:\/\/informaccion.com\/nuevaweb\/wp-json\/wp\/v2\/posts\/3599"}],"collection":[{"href":"https:\/\/informaccion.com\/nuevaweb\/wp-json\/wp\/v2\/posts"}],"about":[{"href":"https:\/\/informaccion.com\/nuevaweb\/wp-json\/wp\/v2\/types\/post"}],"author":[{"embeddable":true,"href":"https:\/\/informaccion.com\/nuevaweb\/wp-json\/wp\/v2\/users\/6"}],"replies":[{"embeddable":true,"href":"https:\/\/informaccion.com\/nuevaweb\/wp-json\/wp\/v2\/comments?post=3599"}],"version-history":[{"count":4,"href":"https:\/\/informaccion.com\/nuevaweb\/wp-json\/wp\/v2\/posts\/3599\/revisions"}],"predecessor-version":[{"id":3693,"href":"https:\/\/informaccion.com\/nuevaweb\/wp-json\/wp\/v2\/posts\/3599\/revisions\/3693"}],"wp:featuredmedia":[{"embeddable":true,"href":"https:\/\/informaccion.com\/nuevaweb\/wp-json\/wp\/v2\/media\/3602"}],"wp:attachment":[{"href":"https:\/\/informaccion.com\/nuevaweb\/wp-json\/wp\/v2\/media?parent=3599"}],"wp:term":[{"taxonomy":"category","embeddable":true,"href":"https:\/\/informaccion.com\/nuevaweb\/wp-json\/wp\/v2\/categories?post=3599"},{"taxonomy":"post_tag","embeddable":true,"href":"https:\/\/informaccion.com\/nuevaweb\/wp-json\/wp\/v2\/tags?post=3599"}],"curies":[{"name":"wp","href":"https:\/\/api.w.org\/{rel}","templated":true}]}}