{"id":3585,"date":"2017-07-04T16:30:27","date_gmt":"2017-07-04T16:30:27","guid":{"rendered":"https:\/\/informaccion.com\/nuevaweb\/clases-magistrales-en-produccion-de-uva-de-mesa\/"},"modified":"2017-07-04T21:40:44","modified_gmt":"2017-07-04T21:40:44","slug":"siagro-sur-ica-simposio-del-agro","status":"publish","type":"post","link":"https:\/\/informaccion.com\/nuevaweb\/siagro-sur-ica-simposio-del-agro\/","title":{"rendered":"SIAGRO SUR &#8211; 11 al 14 de julio en Ica"},"content":{"rendered":"<p>[vc_row][vc_column][vc_column_text css=\u00bb.vc_custom_1492013742148{padding-top: 1px !important;padding-right: 40px !important;padding-bottom: 40px !important;padding-left: 40px !important;}\u00bb]<\/p>\n<p style=\"text-align: center;\"><strong><em>Ahora Ica ser\u00e1 sede del encuentro empresarial m\u00e1s importante del sector agroexportador<\/em><\/strong><\/p>\n<p>El <strong>Simposio Internacional del Agro \u2013<\/strong> <a href=\"http:\/\/www.siagro.pe\"><strong>SIAGRO<\/strong><\/a> present\u00f3 su edici\u00f3n inaugural en el norte del pa\u00eds (Piura) en el mes de mayo; ahora el <strong>SIAGRO edici\u00f3n SUR<\/strong> llega al Hotel Las Dunas en <strong>Ica<\/strong> del 11 al 14 de julio para reunir a productores, empresarios, exportadores y todo aquel interesado en la agricultura peruana y su potencial en mercados internacionales.<\/p>\n<p><a href=\"http:\/\/www.informaccion.com\/nuevaweb\"><strong><em>inform@cci\u00f3n<\/em><\/strong><\/a> organiza el Simposio Internacional del Agro \u2013 <strong>SIAGRO<\/strong>, evento dise\u00f1ado para convertirse en el encuentro empresarial m\u00e1s importante del sector agroexportador. Como parte de su tem\u00e1tica se tratar\u00e1n las principales problem\u00e1ticas de los cultivos m\u00e1s importantes del Per\u00fa y otros temas de inter\u00e9s nacional con conferencias, reuniones gremiales, exposici\u00f3n de proveedores (\u201cAgroShow\u201d \u2013 Entrada Libre) y m\u00e1s.<\/p>\n<p>Es importante recalcar que el<a href=\"http:\/\/www.siagro.pe\"><strong> SIAGRO <\/strong><\/a>est\u00e1 compuesto, a su vez, por diversos simposios que desarrollar\u00e1n tem\u00e1ticas por cultivo a profundidad. A continuaci\u00f3n, la estructura del <strong>SIAGRO SUR<\/strong>:<\/p>\n<p>&nbsp;<\/p>\n<ul>\n<li><strong>SIPA (Simposio Internacional de la Palta)<\/strong> \u2013 11 de julio<\/li>\n<li><strong>FRUTICIA (Simposio Internacional de Super Frutas del Per\u00fa)<\/strong> \u2013 12 de julio<\/li>\n<li><strong>ASPARAGUS (Simposio Internacional del Esp\u00e1rrago)<\/strong> \u2013 12 de julio<\/li>\n<li><strong>C\u00edtrica (Simposio Internacional de Citricultura)<\/strong> \u2013 13 de julio<\/li>\n<li><strong>H\u00eddrica (Simposio Internacional del Agua)<\/strong> \u2013 13 de julio<\/li>\n<li><strong>SIUVA (Simposio Internacional de la <a href=\"https:\/\/informaccion.com\/nuevaweb\/clases-produccion-uva-de-mesa\/\">Uva de Mesa<\/a>)<\/strong> \u2013 14 de julio<\/li>\n<\/ul>\n<p>&nbsp;<\/p>\n<p>De esta forma,<strong> SIAGRO<\/strong> busca generar espacios de intercambio multi\u00e1rea en el sector agroexportador. Por un lado, productores y empresarios tendr\u00e1n a su disposici\u00f3n la mejor informaci\u00f3n t\u00e9cnica y una amplia oferta de suministros (sistemas de riego, maquinaria, fertilizantes, productos sanitarios, log\u00edstica) y por otro, los proveedores tendr\u00e1n una mejor perspectiva del mercado peruano.<\/p>\n<p>Programa Completo e Inscripciones: <a href=\"https:\/\/goo.gl\/oKFvcp\">www.siagro.pe<\/a><\/p>\n<div class=\"share_wrapper share_item\"><span class=\"st_facebook_vcount\" displayText=\"Facebook\"><\/span><span class=\"st_twitter_vcount\" displayText=\"Tweet\"><\/span><span class=\"st_pinterest_vcount\" displayText=\"Pinterest\"><\/span><script src=\"https:\/\/ws.sharethis.com\/button\/buttons.js\"><\/script><script>stLight.options({publisher: \"1390eb48-c3c3-409a-903a-ca202d50de91\", doNotHash: false, doNotCopy: false, hashAddressBar: false});<\/script><\/div>\n<p style=\"text-align: justify;\">[\/vc_column_text][\/vc_column][\/vc_row]<\/p>\n<p><\/script><\/p>\n","protected":false},"excerpt":{"rendered":"<p>El Fen\u00f3meno del Ni\u00f1o Costero que enfrent\u00f3 Per\u00fa a inicios del 2017 dej\u00f3 interrogantes sobre los retos que debe asumir el pa\u00eds y las medidas a tomar como ciudadanos para no repetir estos tr\u00e1gicos episodios.<\/p>\n","protected":false},"author":6,"featured_media":3593,"comment_status":"open","ping_status":"open","sticky":false,"template":"","format":"standard","meta":{"footnotes":""},"categories":[1,50,12,23],"tags":[72,71,73,70,69,68,55],"_links":{"self":[{"href":"https:\/\/informaccion.com\/nuevaweb\/wp-json\/wp\/v2\/posts\/3585"}],"collection":[{"href":"https:\/\/informaccion.com\/nuevaweb\/wp-json\/wp\/v2\/posts"}],"about":[{"href":"https:\/\/informaccion.com\/nuevaweb\/wp-json\/wp\/v2\/types\/post"}],"author":[{"embeddable":true,"href":"https:\/\/informaccion.com\/nuevaweb\/wp-json\/wp\/v2\/users\/6"}],"replies":[{"embeddable":true,"href":"https:\/\/informaccion.com\/nuevaweb\/wp-json\/wp\/v2\/comments?post=3585"}],"version-history":[{"count":10,"href":"https:\/\/informaccion.com\/nuevaweb\/wp-json\/wp\/v2\/posts\/3585\/revisions"}],"predecessor-version":[{"id":3596,"href":"https:\/\/informaccion.com\/nuevaweb\/wp-json\/wp\/v2\/posts\/3585\/revisions\/3596"}],"wp:featuredmedia":[{"embeddable":true,"href":"https:\/\/informaccion.com\/nuevaweb\/wp-json\/wp\/v2\/media\/3593"}],"wp:attachment":[{"href":"https:\/\/informaccion.com\/nuevaweb\/wp-json\/wp\/v2\/media?parent=3585"}],"wp:term":[{"taxonomy":"category","embeddable":true,"href":"https:\/\/informaccion.com\/nuevaweb\/wp-json\/wp\/v2\/categories?post=3585"},{"taxonomy":"post_tag","embeddable":true,"href":"https:\/\/informaccion.com\/nuevaweb\/wp-json\/wp\/v2\/tags?post=3585"}],"curies":[{"name":"wp","href":"https:\/\/api.w.org\/{rel}","templated":true}]}}