{"id":3561,"date":"2017-06-15T12:11:27","date_gmt":"2017-06-15T12:11:27","guid":{"rendered":"https:\/\/informaccion.com\/nuevaweb\/verano-del-17-reflexiones-sobre-el-nino-costero\/"},"modified":"2017-09-01T17:17:00","modified_gmt":"2017-09-01T17:17:00","slug":"contratos-modales-sector-agrario","status":"publish","type":"post","link":"https:\/\/informaccion.com\/nuevaweb\/contratos-modales-sector-agrario\/","title":{"rendered":"Fiscalizaci\u00f3n de contratos modales en el sector agrario"},"content":{"rendered":"<p>[vc_row][vc_column][vc_column_text css=\u00bb.vc_custom_1492013742148{padding-top: 1px !important;padding-right: 40px !important;padding-bottom: 40px !important;padding-left: 40px !important;}\u00bb]<\/p>\n<p style=\"text-align: justify;\"><img loading=\"lazy\" decoding=\"async\" class=\"aligncenter wp-image-3563\" src=\"https:\/\/informaccion.com\/nuevaweb\/wp-content\/uploads\/2017\/04\/wgallosoFINAL-300x78.png\" alt=\"Dr. Walter Galloso\" width=\"725\" height=\"188\" srcset=\"https:\/\/informaccion.com\/nuevaweb\/wp-content\/uploads\/2017\/04\/wgallosoFINAL-300x78.png 300w, https:\/\/informaccion.com\/nuevaweb\/wp-content\/uploads\/2017\/04\/wgallosoFINAL-768x200.png 768w, https:\/\/informaccion.com\/nuevaweb\/wp-content\/uploads\/2017\/04\/wgallosoFINAL-1024x266.png 1024w, https:\/\/informaccion.com\/nuevaweb\/wp-content\/uploads\/2017\/04\/wgallosoFINAL-260x68.png 260w, https:\/\/informaccion.com\/nuevaweb\/wp-content\/uploads\/2017\/04\/wgallosoFINAL-50x13.png 50w, https:\/\/informaccion.com\/nuevaweb\/wp-content\/uploads\/2017\/04\/wgallosoFINAL-150x39.png 150w, https:\/\/informaccion.com\/nuevaweb\/wp-content\/uploads\/2017\/04\/wgallosoFINAL.png 1347w\" sizes=\"(max-width: 725px) 100vw, 725px\" \/><\/p>\n<p>&nbsp;<\/p>\n<p style=\"text-align: left;\">Descarga la resoluci\u00f3n a comentar:<\/p>\n<p style=\"text-align: center;\">           \r\n            <div class=\"onp-locker-call\"  data-lock-id=\"onpLock110396\">\r\n                <p><a href=\"https:\/\/informaccion.com\/nuevaweb\/wp-content\/uploads\/2017\/04\/RS-071-2016-ANEXO-1_protocolos-fiscaliza_contra_modales.pdf\">Protocolo de Fiscalizaci\u00f3n de Contratos Modales en el Sector Agrario<\/a>\u00a0<\/p>\r\n            <\/div>\r\n         \r\n\r\n                    <script type=\"text\/bp-data\" class=\"onp-optinpanda-params\">\r\n                {\"lockerId\":3502,\"tracking\":\"1\",\"postId\":3561,\"ajaxUrl\":\"https:\\\/\\\/informaccion.com\\\/nuevaweb\\\/wp-admin\\\/admin-ajax.php\",\"options\":{\"demo\":0,\"actualUrls\":1,\"text\":{\"header\":\"\\u00a1Este contenido est\\u00e1 bloqueado!\",\"message\":\"<p>Utilice uno de los botones a continuaci\\u00f3n para desbloquear el contenido.<\\\/p>\"},\"theme\":\"flat\",\"lang\":\"es_ES\",\"overlap\":{\"mode\":\"transparence\",\"position\":\"middle\",\"altMode\":\"full\"},\"highlight\":1,\"googleAnalytics\":1,\"locker\":{\"scope\":\"global\",\"counter\":0,\"loadingTimeout\":\"20000\",\"tumbler\":1,\"naMode\":\"show-error\",\"inAppBrowsers\":\"visible_with_warning\",\"inAppBrowsersWarning\":\"You are viewing this page in the {browser}. The locker may work incorrectly in this browser. Please open this page in a standard browser.\",\"close\":1,\"mobile\":1,\"expires\":0},\"proxy\":\"https:\\\/\\\/informaccion.com\\\/nuevaweb\\\/wp-admin\\\/admin-ajax.php?action=opanda_connect\",\"groups\":[\"social-buttons\"],\"socialButtons\":{\"counters\":0,\"order\":[\"facebook-share\",\"twitter-tweet\",\"linkedin-share\"],\"behaviorOnError\":\"show_error\",\"behaviorError\":\"Unable to create social buttons. Please make sure that nothing blocks loading of social scripts in your browser. Some browser extentions (Avast, PrivDog, AdBlock, Adguard etc.) or usage of private tabs in FireFox may cause this issue. Turn them off and try again.\",\"facebook\":{\"appId\":\"150406365483979\",\"lang\":\"es_ES\",\"version\":\"v2.6\",\"like\":{\"url\":\"https:\\\/\\\/www.facebook.com\\\/INFORMACIONPARALAACCION\",\"title\":\"Me Gusta\",\"theConfirmIssue\":1},\"share\":{\"shareDialog\":0,\"title\":\"share\"}},\"twitter\":{\"lang\":\"en\",\"tweet\":{\"url\":\"https:\\\/\\\/twitter.com\\\/Inform_accion\",\"text\":\"Instituci\\u00f3n especializada en el desarrollo de informaci\\u00f3n sectorial y de mercados, para la toma de decisiones y acciones a nivel empresarial y gubernamental.\",\"doubleCheck\":1,\"title\":\"tweet\",\"via\":\"@inform_accion\"},\"follow\":{\"title\":\"follow us\",\"doubleCheck\":0,\"hideScreenName\":0}},\"google\":{\"lang\":\"en\",\"plus\":{\"url\":\"https:\\\/\\\/plus.google.com\\\/100110342770004625020\",\"title\":\"+1 us\"},\"share\":{\"title\":\"share\"}},\"youtube\":{\"subscribe\":{\"clientId\":\"504710106107-utpcrq8p4p846de4ekmo0g6toraqao7q.apps.googleusercontent.com\",\"title\":\"Youtube\"}},\"linkedin\":{\"share\":{\"title\":\"share\"}}},\"lazy\":true},\"_theme\":\"flat\",\"_style\":null,\"ajax\":false,\"stats\":true}            <\/script>\r\n                    <\/p>\n<p style=\"text-align: justify;\">Al revisar la documentaci\u00f3n en la Web de SUNAFIL y en atenci\u00f3n a procesos de fiscalizaci\u00f3n de oficio que viene efectuando dicha entidad, nos hemos encontrado con el Protocolo n\u00b0 003-2016- SUNAFIL\/INNII, aprobado por Resoluci\u00f3n de Superintendencia N\u00b0 071-2016-SUNAFIL, cuyo objetivo seg\u00fan se se\u00f1ala es \u201c<em>Contar con un instrumento\u00a0 t\u00e9cnico normativo <strong><u>que establezca de forma clara y precisa<\/u><\/strong><\/em>; <em>las reglas y criterios espec\u00edficos\u00a0 para el adecuado ejercicio de la funci\u00f3n inspectiva en la etapa de actuaci\u00f3n inspectiva, previo al inicio del procedimiento administrativo sancionador, con la finalidad de coadyuvar\u00a0 a la verificaci\u00f3n eficiente del cumplimiento de las normas laborales vinculadas a los contratos de trabajo sujetos a modalidad\u201d<\/em>.<\/p>\n<p style=\"text-align: left;\">Dentro de dicha norma, se establece en las definiciones:<\/p>\n<blockquote>\n<p style=\"text-align: justify;\">\u201c<strong><em>4.1. <u>Causa objetiva de contrataci\u00f3n sujeta a modalidad<\/u>:<\/em><\/strong><em> Es la situaci\u00f3n prevista por la legislaci\u00f3n que justifica la celebraci\u00f3n de un contrato sujeto a modalidad y que debe de consignarse en el contrato y verificarse en la pr\u00e1ctica a efectos de cumplir con el principio de causalidad<\/em>\u201d. De igual manera, se establece: <em>4.4 \u201c<strong><u>Principio de Primac\u00eda de la realidad<\/u><\/strong>: Es el principio ordenador del sistema de inspecci\u00f3n del Trabajo, en virtud del cual, en caso de discordancia, entre los hechos constatados y los hechos reflejados en los documentos formales deben siempre privilegiarse los hechos constatados\u201d<\/em>.<\/p>\n<\/blockquote>\n<p style=\"text-align: justify;\">Las empresas agr\u00edcolas, al amparo de la Ley de Promoci\u00f3n e Inversiones en el Sector Agrario (Ley 27360), tienen el derecho de aplicar en sus relaciones laborales un r\u00e9gimen laboral especial durante el plazo de vigencia de dicha norma (2021); a m\u00e9rito de la cual las empresas podr\u00e1n contratar a Plazo determinado (en este caso podr\u00e1n utilizar los sistemas modales de contrataci\u00f3n establecida en la Ley de Productividad y competitividad laboral Decreto legislativo 728 y su Reglamento) o a Plazo indeterminado.<\/p>\n<p style=\"text-align: justify;\">Es necesario tener en consideraci\u00f3n que la toma de decisi\u00f3n para la celebraci\u00f3n de los contratos de trabajo sujetos a modalidad en el sector agrario se sustenta en el llamado \u201c<strong>principio de causalidad<\/strong>\u201d, que establece en la actividad agr\u00edcola, la labor a desarrollar dentro del proceso\u00a0 de desarrollo vegetativo de una planta, que \u201cla duraci\u00f3n del v\u00ednculo laboral debe ser garantizada mientras subsista la fuente que le dio origen\u201d, es decir, que el car\u00e1cter temporal de los contratos descritos en la Ley de Competitividad y Productividad Laboral (LPCL) supone, en esencia, la realizaci\u00f3n concreta de tipo contractual (que se cumpla con plasmar en la realidad la causa descrita para cada contrato en la LPCL).<\/p>\n<h3>Aplicado al sector agr\u00edcola<\/h3>\n<p style=\"text-align: justify;\">Bajo este contexto, es necesario que se tenga presente que para la instalaci\u00f3n de un campo agr\u00edcola intervienen muchas variables tanto en funci\u00f3n al hectareaje, tiempos de actividades propias de su naturaleza como siembra, germinaci\u00f3n de la semilla, crecimiento y adaptaci\u00f3n en viveros, transporte, etc. Tambi\u00e9n preparaci\u00f3n de suelo, el cual, seg\u00fan las caracter\u00edsticas requeridas y las que presenta, va a pasar un tiempo determinado hasta que estas se cumplan. Pues, como se puede ver en forma objetiva, los contratos estrictamente temporales suscritos por la empresa y sus trabajadores tienen su origen en las necesidades transitorias de las actividades agr\u00edcolas.<\/p>\n<p style=\"text-align: justify;\">Dicho esto, podemos opinar que al momento de haberse aprobado este protocolo se ha tenido solo como presupuesto la actividad fabril y de servicios propios de las ciudades y pese a estar reconocido constitucionalmente y legalmente el r\u00e9gimen laboral agrario, los inspectores de la SUNAFIL, que no conocen de la actividad agr\u00edcola y su naturaleza, vienen queriendo adaptar al momento de su fiscalizaci\u00f3n criterios que no se adecuan a las labores agr\u00edcolas y ello se refleja en su propio contenido, por ejemplo: exigen la presentaci\u00f3n de contratos dentro de los 15\u00a0 d\u00edas, cuando en el r\u00e9gimen agrario se establece que es <strong>semestral<\/strong>; as\u00ed como, la entrega de los cargos a los trabajadores de los contratos dentro del tercer d\u00eda de presentado a la autoridad administrativa de trabajo (<strong>derogado<\/strong>); de igual manera se prev\u00e9, en los casos de contratos por incremento de actividad, que el inspector deba de solicitar la licencia de funcionamiento de la nueva actividad.<\/p>\n<p style=\"text-align: justify;\">Como se ve, claramente, estos criterios no podr\u00e1n ser aplicados al sector agrario, dado que para poder sembrar o implementar un campo agr\u00edcola o ampliaci\u00f3n de cultivos no se requiere tener licencia de funcionamiento de la nueva actividad a ser implementada.<\/p>\n<p style=\"text-align: justify;\">Atendiendo lo expuesto en forma escueta, huelga solicitar a las autoridades laborales el tener que adecuar sus protocolos a la naturaleza propia de las actividades a fiscalizar y capacitar a sus inspectores para que puedan tener por lo menos un conocimiento general de cada una de las actividades dentro de las zonas de su influencia, a fin de evitar la toma de decisiones arbitrarias en perjuicio de las empresas.<\/p>\n<p><a href=\"https:\/\/goo.gl\/tmcDqh\" target=\"_blank\" rel=\"noopener noreferrer\"><br \/>\n<img loading=\"lazy\" decoding=\"async\" class=\"aligncenter wp-image-3686 size-large\" src=\"https:\/\/informaccion.com\/nuevaweb\/wp-content\/uploads\/2017\/08\/libroexportando-web-1200x300-1024x256.png\" alt=\"libro exportando de datos de agricultura\" width=\"1200\" height=\"300\" srcset=\"https:\/\/informaccion.com\/nuevaweb\/wp-content\/uploads\/2017\/08\/libroexportando-web-1200x300-1024x256.png 1024w, https:\/\/informaccion.com\/nuevaweb\/wp-content\/uploads\/2017\/08\/libroexportando-web-1200x300-300x75.png 300w, https:\/\/informaccion.com\/nuevaweb\/wp-content\/uploads\/2017\/08\/libroexportando-web-1200x300-768x192.png 768w, https:\/\/informaccion.com\/nuevaweb\/wp-content\/uploads\/2017\/08\/libroexportando-web-1200x300-260x65.png 260w, https:\/\/informaccion.com\/nuevaweb\/wp-content\/uploads\/2017\/08\/libroexportando-web-1200x300-50x13.png 50w, https:\/\/informaccion.com\/nuevaweb\/wp-content\/uploads\/2017\/08\/libroexportando-web-1200x300-150x38.png 150w, https:\/\/informaccion.com\/nuevaweb\/wp-content\/uploads\/2017\/08\/libroexportando-web-1200x300.png 1200w\" sizes=\"(max-width: 1200px) 100vw, 1200px\" \/> <\/a><\/p>\n<p style=\"text-align: justify;\"><div class=\"share_wrapper share_item\"><span class=\"st_facebook_vcount\" displayText=\"Facebook\"><\/span><span class=\"st_twitter_vcount\" displayText=\"Tweet\"><\/span><span class=\"st_pinterest_vcount\" displayText=\"Pinterest\"><\/span><script src=\"https:\/\/ws.sharethis.com\/button\/buttons.js\"><\/script><script>stLight.options({publisher: \"1390eb48-c3c3-409a-903a-ca202d50de91\", doNotHash: false, doNotCopy: false, hashAddressBar: false});<\/script><\/div>\n<p style=\"text-align: justify;\">[\/vc_column_text][\/vc_column][\/vc_row]<\/p>\n<p><\/script><\/p>\n","protected":false},"excerpt":{"rendered":"<p>El Fen\u00f3meno del Ni\u00f1o Costero que enfrent\u00f3 Per\u00fa a inicios del 2017 dej\u00f3 interrogantes sobre los retos que debe asumir el pa\u00eds y las medidas a tomar como ciudadanos para no repetir estos tr\u00e1gicos episodios.<\/p>\n","protected":false},"author":6,"featured_media":3568,"comment_status":"open","ping_status":"open","sticky":false,"template":"","format":"standard","meta":{"footnotes":""},"categories":[1,50],"tags":[66,65,64,67],"_links":{"self":[{"href":"https:\/\/informaccion.com\/nuevaweb\/wp-json\/wp\/v2\/posts\/3561"}],"collection":[{"href":"https:\/\/informaccion.com\/nuevaweb\/wp-json\/wp\/v2\/posts"}],"about":[{"href":"https:\/\/informaccion.com\/nuevaweb\/wp-json\/wp\/v2\/types\/post"}],"author":[{"embeddable":true,"href":"https:\/\/informaccion.com\/nuevaweb\/wp-json\/wp\/v2\/users\/6"}],"replies":[{"embeddable":true,"href":"https:\/\/informaccion.com\/nuevaweb\/wp-json\/wp\/v2\/comments?post=3561"}],"version-history":[{"count":11,"href":"https:\/\/informaccion.com\/nuevaweb\/wp-json\/wp\/v2\/posts\/3561\/revisions"}],"predecessor-version":[{"id":3751,"href":"https:\/\/informaccion.com\/nuevaweb\/wp-json\/wp\/v2\/posts\/3561\/revisions\/3751"}],"wp:featuredmedia":[{"embeddable":true,"href":"https:\/\/informaccion.com\/nuevaweb\/wp-json\/wp\/v2\/media\/3568"}],"wp:attachment":[{"href":"https:\/\/informaccion.com\/nuevaweb\/wp-json\/wp\/v2\/media?parent=3561"}],"wp:term":[{"taxonomy":"category","embeddable":true,"href":"https:\/\/informaccion.com\/nuevaweb\/wp-json\/wp\/v2\/categories?post=3561"},{"taxonomy":"post_tag","embeddable":true,"href":"https:\/\/informaccion.com\/nuevaweb\/wp-json\/wp\/v2\/tags?post=3561"}],"curies":[{"name":"wp","href":"https:\/\/api.w.org\/{rel}","templated":true}]}}