{"id":3528,"date":"2017-05-03T14:30:27","date_gmt":"2017-05-03T14:30:27","guid":{"rendered":"https:\/\/informaccion.com\/nuevaweb\/verano-del-17-reflexiones-sobre-el-nino-costero\/"},"modified":"2017-05-10T16:03:18","modified_gmt":"2017-05-10T16:03:18","slug":"clases-produccion-uva-de-mesa","status":"publish","type":"post","link":"https:\/\/informaccion.com\/nuevaweb\/clases-produccion-uva-de-mesa\/","title":{"rendered":"Clases Magistrales en Producci\u00f3n de Uva de Mesa"},"content":{"rendered":"<p>[vc_row][vc_column][vc_column_text css=\u00bb.vc_custom_1492013742148{padding-top: 1px !important;padding-right: 40px !important;padding-bottom: 40px !important;padding-left: 40px !important;}\u00bb]<\/p>\n<p style=\"text-align: center;\"><strong><em>Las clases magistrales en producci\u00f3n de uva de mesa se desarrollar\u00e1n en formato audiovisual y ser\u00e1n de libre acceso\u00a0<\/em><\/strong><strong><em>a trav\u00e9s de\u00a0nuestra web<\/em><\/strong><\/p>\n<p><strong>Informaci\u00f3n para la Acci\u00f3n<\/strong> (<a href=\"http:\/\/www.informaccion.com\"><strong><em>inform<\/em><\/strong><strong>@<\/strong><strong><em>cci\u00f3n<\/em><\/strong><\/a>), consultora referente en el sector agroexportador, lanzar\u00e1 desde el <strong>mi\u00e9rcoles 10 de mayo<\/strong> una edici\u00f3n online de \u201c<strong>Clases Magistrales en Producci\u00f3n de Uva de Mesa\u201d<\/strong> dictadas por M.Sc. Juan Carlos Brignardello, Gerente General de Vit\u00edcola S.A.C y especialista en viticultura.<\/p>\n<p>Este material audiovisual, realizado en conjunto con <strong>Provid<\/strong> y la <strong>Universidad de Piura<\/strong>, llega en el marco del <a href=\"http:\/\/www.siagro.pe\"><strong>SIAGRO<\/strong><\/a>, <strong>Simposio Internacional del Agro<\/strong>, y est\u00e1 dirigido a productores de uva de mesa y todo aquel interesado en conocer a profundidad la actividad vit\u00edcola.<\/p>\n<p>Dentro del temario a desarrollar durante los 19 videos destacan los siguientes t\u00edtulos: patrones o porta injertos de la vid, poda y sistemas de formaci\u00f3n de la uva de mesa, preparaci\u00f3n del terreno y requerimientos h\u00eddricos de dicho cultivo.<\/p>\n<p><center><br \/>\n<iframe loading=\"lazy\" src=\"https:\/\/www.youtube.com\/embed\/L0kyW6FbehE?rel=0\" width=\"560\" height=\"315\" frameborder=\"0\" allowfullscreen=\"allowfullscreen\"><\/iframe><\/center>&nbsp;<\/p>\n<p>Es importante mencionar que las clases magistrales se subir\u00e1n <strong>semanalmente<\/strong> a la plataforma web de <strong><em>inform<\/em><\/strong><strong>@<\/strong><strong><em>cci\u00f3n<\/em><\/strong> (<a href=\"http:\/\/www.informaccion.com\">www.informaccion.com<\/a> &#8211; secci\u00f3n \u201c<a href=\"http:\/\/www.informaccion.com\/nuevaweb\/educacion-virtual\">Educaci\u00f3n Virtual<\/a>\u201d) y ser\u00e1n de <strong>acceso libre<\/strong> al p\u00fablico.<\/p>\n<p>De esta forma, <strong><em>inform<\/em><\/strong><strong>@<\/strong><strong><em>cci\u00f3n<\/em><\/strong> renueva su compromiso de brindar una formaci\u00f3n de calidad para los profesionales del agro y as\u00ed contribuir al crecimiento de este sector tan importante para el Per\u00fa.<\/p>\n<p style=\"text-align: justify;\"><div class=\"share_wrapper share_item\"><span class=\"st_facebook_vcount\" displayText=\"Facebook\"><\/span><span class=\"st_twitter_vcount\" displayText=\"Tweet\"><\/span><span class=\"st_pinterest_vcount\" displayText=\"Pinterest\"><\/span><script src=\"https:\/\/ws.sharethis.com\/button\/buttons.js\"><\/script><script>stLight.options({publisher: \"1390eb48-c3c3-409a-903a-ca202d50de91\", doNotHash: false, doNotCopy: false, hashAddressBar: false});<\/script><\/div>\n<p style=\"text-align: justify;\">[\/vc_column_text][\/vc_column][\/vc_row]<\/p>\n<p><\/script><\/p>\n","protected":false},"excerpt":{"rendered":"<p>El Fen\u00f3meno del Ni\u00f1o Costero que enfrent\u00f3 Per\u00fa a inicios del 2017 dej\u00f3 interrogantes sobre los retos que debe asumir el pa\u00eds y las medidas a tomar como ciudadanos para no repetir estos tr\u00e1gicos episodios.<\/p>\n","protected":false},"author":6,"featured_media":3535,"comment_status":"open","ping_status":"open","sticky":false,"template":"","format":"standard","meta":{"footnotes":""},"categories":[1,50],"tags":[60,56,55],"_links":{"self":[{"href":"https:\/\/informaccion.com\/nuevaweb\/wp-json\/wp\/v2\/posts\/3528"}],"collection":[{"href":"https:\/\/informaccion.com\/nuevaweb\/wp-json\/wp\/v2\/posts"}],"about":[{"href":"https:\/\/informaccion.com\/nuevaweb\/wp-json\/wp\/v2\/types\/post"}],"author":[{"embeddable":true,"href":"https:\/\/informaccion.com\/nuevaweb\/wp-json\/wp\/v2\/users\/6"}],"replies":[{"embeddable":true,"href":"https:\/\/informaccion.com\/nuevaweb\/wp-json\/wp\/v2\/comments?post=3528"}],"version-history":[{"count":4,"href":"https:\/\/informaccion.com\/nuevaweb\/wp-json\/wp\/v2\/posts\/3528\/revisions"}],"predecessor-version":[{"id":3548,"href":"https:\/\/informaccion.com\/nuevaweb\/wp-json\/wp\/v2\/posts\/3528\/revisions\/3548"}],"wp:featuredmedia":[{"embeddable":true,"href":"https:\/\/informaccion.com\/nuevaweb\/wp-json\/wp\/v2\/media\/3535"}],"wp:attachment":[{"href":"https:\/\/informaccion.com\/nuevaweb\/wp-json\/wp\/v2\/media?parent=3528"}],"wp:term":[{"taxonomy":"category","embeddable":true,"href":"https:\/\/informaccion.com\/nuevaweb\/wp-json\/wp\/v2\/categories?post=3528"},{"taxonomy":"post_tag","embeddable":true,"href":"https:\/\/informaccion.com\/nuevaweb\/wp-json\/wp\/v2\/tags?post=3528"}],"curies":[{"name":"wp","href":"https:\/\/api.w.org\/{rel}","templated":true}]}}