{"id":3065,"date":"2017-03-30T14:05:01","date_gmt":"2017-03-30T14:05:01","guid":{"rendered":"https:\/\/informaccion.com\/nuevaweb\/?p=3065"},"modified":"2017-04-17T23:27:02","modified_gmt":"2017-04-17T23:27:02","slug":"siagro-norte-primera-edicion-del-simposio-internacional-del-agro","status":"publish","type":"post","link":"https:\/\/informaccion.com\/nuevaweb\/siagro-norte-primera-edicion-del-simposio-internacional-del-agro\/","title":{"rendered":"SIAGRO NORTE, del 23 al 25 de Mayo &#8211; Piura"},"content":{"rendered":"<h2><strong>COMUNICADO CAMBIO DE FECHA<\/strong><\/h2>\n<p><strong>\u00a0<\/strong><\/p>\n<p><strong>Estimados auspiciadores, socios corporativos y p\u00fablico en general: <\/strong><\/p>\n<p>Expresamos nuestra solidaridad con todas las personas afectadas por los inesperados sucesos clim\u00e1ticos en la regi\u00f3n norte y centro del Per\u00fa y lamentamos profundamente las p\u00e9rdidas humanas y materiales registradas.<\/p>\n<p>Ante la situaci\u00f3n que en estos momentos afronta el pa\u00eds, nos vemos en la necesidad de reprogramar el <strong>SIMPOSIO INTERNACIONAL DEL AGRO &#8211; SIAGRO NORTE<\/strong> para el <u>23, 24 y 25 de mayo<\/u>, fechas en las cuales se estima que la ciudad de Piura cuente con las condiciones que garanticen la ejecuci\u00f3n del evento.<\/p>\n<p>Es una decisi\u00f3n dificil pues nuestra intenci\u00f3n inicial al mantener las fechas originales era brindar \u00e1nimo y energ\u00eda a Piura con nuestro <strong>SIAGRO NORTE<\/strong>\u00a0 adem\u00e1s de conocimientos t\u00e9cnicos a los profesionales del agro. Por eso mismo invocamos nuestros socios corporativos, auspiciadores, aliados comerciales y participantes a unir esfuerzos por el Norte Peruano y acompa\u00f1arnos en la nueva programaci\u00f3n propuesta.<\/p>\n<p><strong><em>inform<\/em><\/strong><strong>@<\/strong><strong><em>cci\u00f3n<\/em><\/strong> reafirma su compromiso con el sector agroexportador y estamos seguros que juntos lograremos la r\u00e1pida recuperaci\u00f3n del pa\u00eds.<\/p>\n<p><strong>\u00a1\u00c1nimo Piura! \u00a1Vamos a salir \u00a0adelante! <\/strong><\/p>\n<p><strong>#UnaSolaFuerza<\/strong><\/p>\n<p>&nbsp;<\/p>\n<p>&nbsp;<\/p>\n<p>&nbsp;<\/p>\n<p><strong><em>Benjam\u00edn Cill\u00f3niz <\/em><\/strong><\/p>\n<p><strong><em>Presidente de <\/em><\/strong><strong><em>inform<\/em><\/strong><strong>@<\/strong><strong><em>cci\u00f3n<\/em><\/strong><\/p>\n<p>&nbsp;<\/p>\n<p>&nbsp;<\/p>\n<p>Miraflores, marzo del 2017.<\/p>\n<p><strong><em>Informes e inscripciones: <\/em><\/strong><a href=\"http:\/\/www.siagro.pe\"><strong><em>www.siagro.pe<\/em><\/strong><\/a><\/script><\/p>\n","protected":false},"excerpt":{"rendered":"<p>COMUNICADO CAMBIO DE FECHA \u00a0 Estimados auspiciadores, socios corporativos y p\u00fablico en general: Expresamos nuestra solidaridad con todas las personas afectadas por los inesperados sucesos clim\u00e1ticos<span class=\"excerpt-hellip\"> [\u2026]<\/span><\/p>\n","protected":false},"author":1,"featured_media":3513,"comment_status":"open","ping_status":"open","sticky":false,"template":"","format":"image","meta":{"footnotes":""},"categories":[1,12,47,23],"tags":[],"_links":{"self":[{"href":"https:\/\/informaccion.com\/nuevaweb\/wp-json\/wp\/v2\/posts\/3065"}],"collection":[{"href":"https:\/\/informaccion.com\/nuevaweb\/wp-json\/wp\/v2\/posts"}],"about":[{"href":"https:\/\/informaccion.com\/nuevaweb\/wp-json\/wp\/v2\/types\/post"}],"author":[{"embeddable":true,"href":"https:\/\/informaccion.com\/nuevaweb\/wp-json\/wp\/v2\/users\/1"}],"replies":[{"embeddable":true,"href":"https:\/\/informaccion.com\/nuevaweb\/wp-json\/wp\/v2\/comments?post=3065"}],"version-history":[{"count":9,"href":"https:\/\/informaccion.com\/nuevaweb\/wp-json\/wp\/v2\/posts\/3065\/revisions"}],"predecessor-version":[{"id":3436,"href":"https:\/\/informaccion.com\/nuevaweb\/wp-json\/wp\/v2\/posts\/3065\/revisions\/3436"}],"wp:featuredmedia":[{"embeddable":true,"href":"https:\/\/informaccion.com\/nuevaweb\/wp-json\/wp\/v2\/media\/3513"}],"wp:attachment":[{"href":"https:\/\/informaccion.com\/nuevaweb\/wp-json\/wp\/v2\/media?parent=3065"}],"wp:term":[{"taxonomy":"category","embeddable":true,"href":"https:\/\/informaccion.com\/nuevaweb\/wp-json\/wp\/v2\/categories?post=3065"},{"taxonomy":"post_tag","embeddable":true,"href":"https:\/\/informaccion.com\/nuevaweb\/wp-json\/wp\/v2\/tags?post=3065"}],"curies":[{"name":"wp","href":"https:\/\/api.w.org\/{rel}","templated":true}]}}